{"id":30333,"date":"2023-02-28T10:49:02","date_gmt":"2023-02-28T09:49:02","guid":{"rendered":"https:\/\/www.foselev.com\/?p=30333"},"modified":"2023-07-07T14:07:12","modified_gmt":"2023-07-07T12:07:12","slug":"foselev-agintis-venissieux-plan-de-soutien-region-rhone-alpes","status":"publish","type":"post","link":"https:\/\/www.foselev.com\/en\/foselev-agintis-venissieux-plan-de-soutien-region-rhone-alpes\/","title":{"rendered":"FOSELEV AGINTIS V\u00e9nissieux : Plan de soutien R\u00e9gion Rh\u00f4ne-Alpes"},"content":{"rendered":"\t\t<div data-elementor-type=\"wp-post\" data-elementor-id=\"30333\" class=\"elementor elementor-30333 elementor-30332\" data-elementor-post-type=\"post\">\n\t\t\t\t\t\t<section class=\"elementor-section elementor-top-section elementor-element elementor-element-9b40a6c elementor-section-boxed elementor-section-height-default elementor-section-height-default\" data-id=\"9b40a6c\" data-element_type=\"section\" data-e-type=\"section\">\n\t\t\t\t\t\t<div class=\"elementor-container elementor-column-gap-default\">\n\t\t\t\t\t<div class=\"elementor-column elementor-col-66 elementor-top-column elementor-element elementor-element-63ccf149\" data-id=\"63ccf149\" data-element_type=\"column\" data-e-type=\"column\">\n\t\t\t<div class=\"elementor-widget-wrap elementor-element-populated\">\n\t\t\t\t\t\t<div class=\"elementor-element elementor-element-2e1a57d6 elementor-widget elementor-widget-text-editor\" data-id=\"2e1a57d6\" data-element_type=\"widget\" data-e-type=\"widget\" data-widget_type=\"text-editor.default\">\n\t\t\t\t<div class=\"elementor-widget-container\">\n\t\t\t\t\t\t\t\t\t<p><strong>FOSELEV AGINTIS V\u00e9nissieux, sp\u00e9cialis\u00e9e en tuyauterie industrielle, b\u00e9n\u00e9ficie du Plan de Soutien de la R\u00e9gion Rh\u00f4ne-Alpes pour enclencher la deuxi\u00e8me phase de son projet de d\u00e9veloppement \u201cHORIZON\u201d.<\/strong><\/p><p>Entre 2015 et 2021, notre filiale est \u00e0 l\u2019origine de la cr\u00e9ation de <strong>150 emplois en Rh\u00f4ne-Alpes et de 40 en Normandie<\/strong>, lui permettant d\u2019apporter une r\u00e9ponse significative aux attentes et besoins de ses clients en mati\u00e8re de <strong>soudage de haute qualit\u00e9<\/strong>.<\/p><p>Durant cette p\u00e9riode, FOSELEV AGINTIS a d\u00e9velopp\u00e9 son offre aupr\u00e8s des grands donneurs d\u2019ordres de l\u2019industrie, en particulier sur deux volets bien d\u00e9finis.<\/p><p>Le premier d\u00e9di\u00e9 au d\u00e9ploiement d\u2019une nouvelle offre d\u2019<strong>ensemblier process<\/strong> en France et \u00e0 l\u2019international pour l\u2019industrie pharmaceutique, des biotechnologies, de l\u2019agroalimentaire, des \u00e9nergies nouvelles (Hydrog\u00e8ne) et de la recherche.<\/p><p>Le second visant \u00e0 p\u00e9renniser le positionnement de FOSELEV AGINTIS dans <strong>la fili\u00e8re nucl\u00e9aire fran\u00e7aise<\/strong>, en tant qu\u2019<strong>acteur de premier rang<\/strong> dans les travaux neufs et la maintenance, notamment avec <strong>la construction des prochains ERP2.<\/strong><\/p><p>Ces 6 ann\u00e9es d\u2019\u00e9volution se traduisent par une volont\u00e9 constante d\u2019exigence et de qualit\u00e9. D\u2019importants moyens ont \u00e9t\u00e9 mis en \u0153uvre pour digitaliser la production et les processus de suivi et de contr\u00f4les, et pour d\u00e9velopper la ma\u00eetrise des proc\u00e9d\u00e9s de soudage m\u00e9canis\u00e9s, pour les tuyauteries r\u00e9pondant \u00e0 des normes strictes de qualit\u00e9.<\/p><p>En parall\u00e8le, un programme ambitieux a vu le jour dans le but de<strong> recruter et former<\/strong> \u00e0 nos m\u00e9tiers de l\u2019ing\u00e9nierie, de la tuyauterie et du soudage, pour mener nos collaborateurs au niveau d\u2019exigence et de technicit\u00e9 que requiert l\u2019industrie nucl\u00e9aire.<\/p><p>Gr\u00e2ce au <a href=\"https:\/\/www.auvergnerhonealpes.fr\/\"><span style=\"text-decoration: underline;\"><strong>Plan de Soutien de la R\u00e9gion Rh\u00f4ne-Alpes<\/strong><\/span><\/a>, FOSELEV AGINTIS compte poursuivre ses investissements dans son programme de formation et de mont\u00e9e en comp\u00e9tence de ses effectifs, coupl\u00e9 \u00e0<strong> la cr\u00e9ation de 90 nouveaux emplois<\/strong>, afin d\u2019apporter une r\u00e9ponse significative aux besoins de la fili\u00e8re nucl\u00e9aire fran\u00e7aise, en tant qu\u2019acteur majeur du secteur.<\/p><p>\u00a0<\/p>\t\t\t\t\t\t\t\t<\/div>\n\t\t\t\t<\/div>\n\t\t\t\t\t<\/div>\n\t\t<\/div>\n\t\t\t\t<div class=\"elementor-column elementor-col-33 elementor-top-column elementor-element elementor-element-0637313\" data-id=\"0637313\" data-element_type=\"column\" data-e-type=\"column\">\n\t\t\t<div class=\"elementor-widget-wrap elementor-element-populated\">\n\t\t\t\t\t\t<div class=\"elementor-element elementor-element-be8b8f0 elementor-widget elementor-widget-image\" data-id=\"be8b8f0\" data-element_type=\"widget\" data-e-type=\"widget\" data-widget_type=\"image.default\">\n\t\t\t\t<div class=\"elementor-widget-container\">\n\t\t\t\t\t\t\t\t\t\t\t\t\t\t\t<img fetchpriority=\"high\" decoding=\"async\" width=\"800\" height=\"1200\" src=\"https:\/\/www.foselev.com\/wp-content\/uploads\/2023\/02\/Gabarit-Photo-Actualite-2-FAV-Region-Rhone-Alpes.jpg\" class=\"attachment-2048x2048 size-2048x2048 wp-image-30338\" alt=\"Soudeur de FOSELEV Rh\u00f4nes-Alpes\" srcset=\"https:\/\/www.foselev.com\/wp-content\/uploads\/2023\/02\/Gabarit-Photo-Actualite-2-FAV-Region-Rhone-Alpes.jpg 800w, https:\/\/www.foselev.com\/wp-content\/uploads\/2023\/02\/Gabarit-Photo-Actualite-2-FAV-Region-Rhone-Alpes-200x300.jpg 200w, https:\/\/www.foselev.com\/wp-content\/uploads\/2023\/02\/Gabarit-Photo-Actualite-2-FAV-Region-Rhone-Alpes-683x1024.jpg 683w, https:\/\/www.foselev.com\/wp-content\/uploads\/2023\/02\/Gabarit-Photo-Actualite-2-FAV-Region-Rhone-Alpes-768x1152.jpg 768w\" sizes=\"(max-width: 800px) 100vw, 800px\" \/>\t\t\t\t\t\t\t\t\t\t\t\t\t\t\t<\/div>\n\t\t\t\t<\/div>\n\t\t\t\t\t<\/div>\n\t\t<\/div>\n\t\t\t\t\t<\/div>\n\t\t<\/section>\n\t\t\t\t<section class=\"elementor-section elementor-top-section elementor-element elementor-element-3e7c207 elementor-section-boxed elementor-section-height-default elementor-section-height-default\" data-id=\"3e7c207\" data-element_type=\"section\" data-e-type=\"section\">\n\t\t\t\t\t\t<div class=\"elementor-container elementor-column-gap-default\">\n\t\t\t\t\t\t<\/div>\n\t\t<\/section>\n\t\t\t\t<\/div>\n\t\t","protected":false},"excerpt":{"rendered":"<p>FOSELEV AGINTIS V\u00e9nissieux, sp\u00e9cialis\u00e9e en tuyauterie industrielle, b\u00e9n\u00e9ficie du Plan de Soutien de la R\u00e9gion Rh\u00f4ne-Alpes pour enclencher la deuxi\u00e8me phase de son projet de d\u00e9veloppement \u201cHORIZON\u201d. Entre 2015 et 2021, notre filiale est \u00e0 l\u2019origine de la cr\u00e9ation de 150 emplois en Rh\u00f4ne-Alpes et de 40 en Normandie, lui permettant d\u2019apporter une r\u00e9ponse significative [&hellip;]<\/p>\n","protected":false},"author":3,"featured_media":30336,"comment_status":"closed","ping_status":"closed","sticky":false,"template":"","format":"standard","meta":{"_acf_changed":false,"inline_featured_image":false,"site-sidebar-layout":"default","site-content-layout":"default","ast-site-content-layout":"default","site-content-style":"default","site-sidebar-style":"default","ast-global-header-display":"","ast-banner-title-visibility":"","ast-main-header-display":"","ast-hfb-above-header-display":"","ast-hfb-below-header-display":"","ast-hfb-mobile-header-display":"","site-post-title":"","ast-breadcrumbs-content":"","ast-featured-img":"","footer-sml-layout":"","ast-disable-related-posts":"","theme-transparent-header-meta":"default","adv-header-id-meta":"","stick-header-meta":"","header-above-stick-meta":"","header-main-stick-meta":"","header-below-stick-meta":"","astra-migrate-meta-layouts":"default","ast-page-background-enabled":"default","ast-page-background-meta":{"desktop":{"background-color":"","background-image":"","background-repeat":"repeat","background-position":"center center","background-size":"auto","background-attachment":"scroll","background-type":"","background-media":"","overlay-type":"","overlay-color":"","overlay-opacity":"","overlay-gradient":""},"tablet":{"background-color":"","background-image":"","background-repeat":"repeat","background-position":"center center","background-size":"auto","background-attachment":"scroll","background-type":"","background-media":"","overlay-type":"","overlay-color":"","overlay-opacity":"","overlay-gradient":""},"mobile":{"background-color":"","background-image":"","background-repeat":"repeat","background-position":"center center","background-size":"auto","background-attachment":"scroll","background-type":"","background-media":"","overlay-type":"","overlay-color":"","overlay-opacity":"","overlay-gradient":""}},"ast-content-background-meta":{"desktop":{"background-color":"var(--ast-global-color-5)","background-image":"","background-repeat":"repeat","background-position":"center center","background-size":"auto","background-attachment":"scroll","background-type":"","background-media":"","overlay-type":"","overlay-color":"","overlay-opacity":"","overlay-gradient":""},"tablet":{"background-color":"var(--ast-global-color-5)","background-image":"","background-repeat":"repeat","background-position":"center center","background-size":"auto","background-attachment":"scroll","background-type":"","background-media":"","overlay-type":"","overlay-color":"","overlay-opacity":"","overlay-gradient":""},"mobile":{"background-color":"var(--ast-global-color-5)","background-image":"","background-repeat":"repeat","background-position":"center center","background-size":"auto","background-attachment":"scroll","background-type":"","background-media":"","overlay-type":"","overlay-color":"","overlay-opacity":"","overlay-gradient":""}},"footnotes":""},"categories":[29],"tags":[],"categories_articles":[],"class_list":["post-30333","post","type-post","status-publish","format-standard","has-post-thumbnail","hentry","category-foselev-en"],"acf":[],"yoast_head":"<!-- This site is optimized with the Yoast SEO plugin v26.8 - https:\/\/yoast.com\/product\/yoast-seo-wordpress\/ -->\n<title>FOSELEV AGINTIS V\u00e9nissieux : Plan de soutien en Rh\u00f4ne-Alpes<\/title>\n<meta name=\"robots\" content=\"index, follow, max-snippet:-1, max-image-preview:large, max-video-preview:-1\" \/>\n<link rel=\"canonical\" href=\"https:\/\/www.foselev.com\/en\/foselev-agintis-venissieux-plan-de-soutien-region-rhone-alpes\/\" \/>\n<meta property=\"og:locale\" content=\"en_US\" \/>\n<meta property=\"og:type\" content=\"article\" \/>\n<meta property=\"og:title\" content=\"FOSELEV AGINTIS V\u00e9nissieux : Plan de soutien en Rh\u00f4ne-Alpes\" \/>\n<meta property=\"og:description\" content=\"FOSELEV AGINTIS V\u00e9nissieux, sp\u00e9cialis\u00e9e en tuyauterie industrielle, b\u00e9n\u00e9ficie du Plan de Soutien de la R\u00e9gion Rh\u00f4ne-Alpes pour enclencher la deuxi\u00e8me phase de son projet de d\u00e9veloppement \u201cHORIZON\u201d. Entre 2015 et 2021, notre filiale est \u00e0 l\u2019origine de la cr\u00e9ation de 150 emplois en Rh\u00f4ne-Alpes et de 40 en Normandie, lui permettant d\u2019apporter une r\u00e9ponse significative [&hellip;]\" \/>\n<meta property=\"og:url\" content=\"https:\/\/www.foselev.com\/en\/foselev-agintis-venissieux-plan-de-soutien-region-rhone-alpes\/\" \/>\n<meta property=\"og:site_name\" content=\"FOSELEV\" \/>\n<meta property=\"article:published_time\" content=\"2023-02-28T09:49:02+00:00\" \/>\n<meta property=\"article:modified_time\" content=\"2023-07-07T12:07:12+00:00\" \/>\n<meta property=\"og:image\" content=\"https:\/\/www.foselev.com\/wp-content\/uploads\/2023\/02\/Gabarit-Photo-Actualite-1-FAV-Region-Rhone-Alpes.jpg\" \/>\n\t<meta property=\"og:image:width\" content=\"1024\" \/>\n\t<meta property=\"og:image:height\" content=\"512\" \/>\n\t<meta property=\"og:image:type\" content=\"image\/jpeg\" \/>\n<meta name=\"author\" content=\"Joffrey JACOBS\" \/>\n<meta name=\"twitter:card\" content=\"summary_large_image\" \/>\n<meta name=\"twitter:label1\" content=\"Written by\" \/>\n\t<meta name=\"twitter:data1\" content=\"Joffrey JACOBS\" \/>\n\t<meta name=\"twitter:label2\" content=\"Est. reading time\" \/>\n\t<meta name=\"twitter:data2\" content=\"2 minutes\" \/>\n<script type=\"application\/ld+json\" class=\"yoast-schema-graph\">{\"@context\":\"https:\/\/schema.org\",\"@graph\":[{\"@type\":\"Article\",\"@id\":\"https:\/\/www.foselev.com\/en\/foselev-agintis-venissieux-plan-de-soutien-region-rhone-alpes\/#article\",\"isPartOf\":{\"@id\":\"https:\/\/www.foselev.com\/en\/foselev-agintis-venissieux-plan-de-soutien-region-rhone-alpes\/\"},\"author\":{\"name\":\"Joffrey JACOBS\",\"@id\":\"https:\/\/www.foselev.com\/en\/#\/schema\/person\/e8d8f44dec92edd50246bae4d71b9c35\"},\"headline\":\"FOSELEV AGINTIS V\u00e9nissieux : Plan de soutien R\u00e9gion Rh\u00f4ne-Alpes\",\"datePublished\":\"2023-02-28T09:49:02+00:00\",\"dateModified\":\"2023-07-07T12:07:12+00:00\",\"mainEntityOfPage\":{\"@id\":\"https:\/\/www.foselev.com\/en\/foselev-agintis-venissieux-plan-de-soutien-region-rhone-alpes\/\"},\"wordCount\":369,\"publisher\":{\"@id\":\"https:\/\/www.foselev.com\/en\/#organization\"},\"image\":{\"@id\":\"https:\/\/www.foselev.com\/en\/foselev-agintis-venissieux-plan-de-soutien-region-rhone-alpes\/#primaryimage\"},\"thumbnailUrl\":\"https:\/\/www.foselev.com\/wp-content\/uploads\/2023\/02\/Gabarit-Photo-Actualite-1-FAV-Region-Rhone-Alpes.jpg\",\"articleSection\":[\"Foselev\"],\"inLanguage\":\"en-US\"},{\"@type\":\"WebPage\",\"@id\":\"https:\/\/www.foselev.com\/en\/foselev-agintis-venissieux-plan-de-soutien-region-rhone-alpes\/\",\"url\":\"https:\/\/www.foselev.com\/en\/foselev-agintis-venissieux-plan-de-soutien-region-rhone-alpes\/\",\"name\":\"FOSELEV AGINTIS V\u00e9nissieux : Plan de soutien en Rh\u00f4ne-Alpes\",\"isPartOf\":{\"@id\":\"https:\/\/www.foselev.com\/en\/#website\"},\"primaryImageOfPage\":{\"@id\":\"https:\/\/www.foselev.com\/en\/foselev-agintis-venissieux-plan-de-soutien-region-rhone-alpes\/#primaryimage\"},\"image\":{\"@id\":\"https:\/\/www.foselev.com\/en\/foselev-agintis-venissieux-plan-de-soutien-region-rhone-alpes\/#primaryimage\"},\"thumbnailUrl\":\"https:\/\/www.foselev.com\/wp-content\/uploads\/2023\/02\/Gabarit-Photo-Actualite-1-FAV-Region-Rhone-Alpes.jpg\",\"datePublished\":\"2023-02-28T09:49:02+00:00\",\"dateModified\":\"2023-07-07T12:07:12+00:00\",\"breadcrumb\":{\"@id\":\"https:\/\/www.foselev.com\/en\/foselev-agintis-venissieux-plan-de-soutien-region-rhone-alpes\/#breadcrumb\"},\"inLanguage\":\"en-US\",\"potentialAction\":[{\"@type\":\"ReadAction\",\"target\":[\"https:\/\/www.foselev.com\/en\/foselev-agintis-venissieux-plan-de-soutien-region-rhone-alpes\/\"]}]},{\"@type\":\"ImageObject\",\"inLanguage\":\"en-US\",\"@id\":\"https:\/\/www.foselev.com\/en\/foselev-agintis-venissieux-plan-de-soutien-region-rhone-alpes\/#primaryimage\",\"url\":\"https:\/\/www.foselev.com\/wp-content\/uploads\/2023\/02\/Gabarit-Photo-Actualite-1-FAV-Region-Rhone-Alpes.jpg\",\"contentUrl\":\"https:\/\/www.foselev.com\/wp-content\/uploads\/2023\/02\/Gabarit-Photo-Actualite-1-FAV-Region-Rhone-Alpes.jpg\",\"width\":1024,\"height\":512,\"caption\":\"Le Groupe FOSELEV s'engage avec la r\u00e9gion Auvergne-Rh\u00f4ne-Alpes\"},{\"@type\":\"BreadcrumbList\",\"@id\":\"https:\/\/www.foselev.com\/en\/foselev-agintis-venissieux-plan-de-soutien-region-rhone-alpes\/#breadcrumb\",\"itemListElement\":[{\"@type\":\"ListItem\",\"position\":1,\"name\":\"Home\",\"item\":\"https:\/\/www.foselev.com\/en\/\"},{\"@type\":\"ListItem\",\"position\":2,\"name\":\"FOSELEV AGINTIS V\u00e9nissieux : Plan de soutien R\u00e9gion Rh\u00f4ne-Alpes\"}]},{\"@type\":\"WebSite\",\"@id\":\"https:\/\/www.foselev.com\/en\/#website\",\"url\":\"https:\/\/www.foselev.com\/en\/\",\"name\":\"FOSELEV\",\"description\":\"Offre globale de services \u00e0 l&#039;industrie, au BTP et au nucl\u00e9aire.\",\"publisher\":{\"@id\":\"https:\/\/www.foselev.com\/en\/#organization\"},\"potentialAction\":[{\"@type\":\"SearchAction\",\"target\":{\"@type\":\"EntryPoint\",\"urlTemplate\":\"https:\/\/www.foselev.com\/en\/?s={search_term_string}\"},\"query-input\":{\"@type\":\"PropertyValueSpecification\",\"valueRequired\":true,\"valueName\":\"search_term_string\"}}],\"inLanguage\":\"en-US\"},{\"@type\":\"Organization\",\"@id\":\"https:\/\/www.foselev.com\/en\/#organization\",\"name\":\"FOSELEV\",\"url\":\"https:\/\/www.foselev.com\/en\/\",\"logo\":{\"@type\":\"ImageObject\",\"inLanguage\":\"en-US\",\"@id\":\"https:\/\/www.foselev.com\/en\/#\/schema\/logo\/image\/\",\"url\":\"https:\/\/www.foselev.com\/wp-content\/uploads\/2020\/03\/FOSELEV_Logo_Pyramide_Grise-Orange.svg\",\"contentUrl\":\"https:\/\/www.foselev.com\/wp-content\/uploads\/2020\/03\/FOSELEV_Logo_Pyramide_Grise-Orange.svg\",\"width\":\"1024\",\"height\":\"1024\",\"caption\":\"FOSELEV\"},\"image\":{\"@id\":\"https:\/\/www.foselev.com\/en\/#\/schema\/logo\/image\/\"}},{\"@type\":\"Person\",\"@id\":\"https:\/\/www.foselev.com\/en\/#\/schema\/person\/e8d8f44dec92edd50246bae4d71b9c35\",\"name\":\"Joffrey JACOBS\",\"image\":{\"@type\":\"ImageObject\",\"inLanguage\":\"en-US\",\"@id\":\"https:\/\/www.foselev.com\/en\/#\/schema\/person\/image\/\",\"url\":\"https:\/\/secure.gravatar.com\/avatar\/229a7bdd5dad1292dc109a43bdc428c28facb3d53af4d03037f5ad66284c33bc?s=96&d=mm&r=g\",\"contentUrl\":\"https:\/\/secure.gravatar.com\/avatar\/229a7bdd5dad1292dc109a43bdc428c28facb3d53af4d03037f5ad66284c33bc?s=96&d=mm&r=g\",\"caption\":\"Joffrey JACOBS\"}}]}<\/script>\n<!-- \/ Yoast SEO plugin. -->","yoast_head_json":{"title":"FOSELEV AGINTIS V\u00e9nissieux : Plan de soutien en Rh\u00f4ne-Alpes","robots":{"index":"index","follow":"follow","max-snippet":"max-snippet:-1","max-image-preview":"max-image-preview:large","max-video-preview":"max-video-preview:-1"},"canonical":"https:\/\/www.foselev.com\/en\/foselev-agintis-venissieux-plan-de-soutien-region-rhone-alpes\/","og_locale":"en_US","og_type":"article","og_title":"FOSELEV AGINTIS V\u00e9nissieux : Plan de soutien en Rh\u00f4ne-Alpes","og_description":"FOSELEV AGINTIS V\u00e9nissieux, sp\u00e9cialis\u00e9e en tuyauterie industrielle, b\u00e9n\u00e9ficie du Plan de Soutien de la R\u00e9gion Rh\u00f4ne-Alpes pour enclencher la deuxi\u00e8me phase de son projet de d\u00e9veloppement \u201cHORIZON\u201d. Entre 2015 et 2021, notre filiale est \u00e0 l\u2019origine de la cr\u00e9ation de 150 emplois en Rh\u00f4ne-Alpes et de 40 en Normandie, lui permettant d\u2019apporter une r\u00e9ponse significative [&hellip;]","og_url":"https:\/\/www.foselev.com\/en\/foselev-agintis-venissieux-plan-de-soutien-region-rhone-alpes\/","og_site_name":"FOSELEV","article_published_time":"2023-02-28T09:49:02+00:00","article_modified_time":"2023-07-07T12:07:12+00:00","og_image":[{"width":1024,"height":512,"url":"https:\/\/www.foselev.com\/wp-content\/uploads\/2023\/02\/Gabarit-Photo-Actualite-1-FAV-Region-Rhone-Alpes.jpg","type":"image\/jpeg"}],"author":"Joffrey JACOBS","twitter_card":"summary_large_image","twitter_misc":{"Written by":"Joffrey JACOBS","Est. reading time":"2 minutes"},"schema":{"@context":"https:\/\/schema.org","@graph":[{"@type":"Article","@id":"https:\/\/www.foselev.com\/en\/foselev-agintis-venissieux-plan-de-soutien-region-rhone-alpes\/#article","isPartOf":{"@id":"https:\/\/www.foselev.com\/en\/foselev-agintis-venissieux-plan-de-soutien-region-rhone-alpes\/"},"author":{"name":"Joffrey JACOBS","@id":"https:\/\/www.foselev.com\/en\/#\/schema\/person\/e8d8f44dec92edd50246bae4d71b9c35"},"headline":"FOSELEV AGINTIS V\u00e9nissieux : Plan de soutien R\u00e9gion Rh\u00f4ne-Alpes","datePublished":"2023-02-28T09:49:02+00:00","dateModified":"2023-07-07T12:07:12+00:00","mainEntityOfPage":{"@id":"https:\/\/www.foselev.com\/en\/foselev-agintis-venissieux-plan-de-soutien-region-rhone-alpes\/"},"wordCount":369,"publisher":{"@id":"https:\/\/www.foselev.com\/en\/#organization"},"image":{"@id":"https:\/\/www.foselev.com\/en\/foselev-agintis-venissieux-plan-de-soutien-region-rhone-alpes\/#primaryimage"},"thumbnailUrl":"https:\/\/www.foselev.com\/wp-content\/uploads\/2023\/02\/Gabarit-Photo-Actualite-1-FAV-Region-Rhone-Alpes.jpg","articleSection":["Foselev"],"inLanguage":"en-US"},{"@type":"WebPage","@id":"https:\/\/www.foselev.com\/en\/foselev-agintis-venissieux-plan-de-soutien-region-rhone-alpes\/","url":"https:\/\/www.foselev.com\/en\/foselev-agintis-venissieux-plan-de-soutien-region-rhone-alpes\/","name":"FOSELEV AGINTIS V\u00e9nissieux : Plan de soutien en Rh\u00f4ne-Alpes","isPartOf":{"@id":"https:\/\/www.foselev.com\/en\/#website"},"primaryImageOfPage":{"@id":"https:\/\/www.foselev.com\/en\/foselev-agintis-venissieux-plan-de-soutien-region-rhone-alpes\/#primaryimage"},"image":{"@id":"https:\/\/www.foselev.com\/en\/foselev-agintis-venissieux-plan-de-soutien-region-rhone-alpes\/#primaryimage"},"thumbnailUrl":"https:\/\/www.foselev.com\/wp-content\/uploads\/2023\/02\/Gabarit-Photo-Actualite-1-FAV-Region-Rhone-Alpes.jpg","datePublished":"2023-02-28T09:49:02+00:00","dateModified":"2023-07-07T12:07:12+00:00","breadcrumb":{"@id":"https:\/\/www.foselev.com\/en\/foselev-agintis-venissieux-plan-de-soutien-region-rhone-alpes\/#breadcrumb"},"inLanguage":"en-US","potentialAction":[{"@type":"ReadAction","target":["https:\/\/www.foselev.com\/en\/foselev-agintis-venissieux-plan-de-soutien-region-rhone-alpes\/"]}]},{"@type":"ImageObject","inLanguage":"en-US","@id":"https:\/\/www.foselev.com\/en\/foselev-agintis-venissieux-plan-de-soutien-region-rhone-alpes\/#primaryimage","url":"https:\/\/www.foselev.com\/wp-content\/uploads\/2023\/02\/Gabarit-Photo-Actualite-1-FAV-Region-Rhone-Alpes.jpg","contentUrl":"https:\/\/www.foselev.com\/wp-content\/uploads\/2023\/02\/Gabarit-Photo-Actualite-1-FAV-Region-Rhone-Alpes.jpg","width":1024,"height":512,"caption":"Le Groupe FOSELEV s'engage avec la r\u00e9gion Auvergne-Rh\u00f4ne-Alpes"},{"@type":"BreadcrumbList","@id":"https:\/\/www.foselev.com\/en\/foselev-agintis-venissieux-plan-de-soutien-region-rhone-alpes\/#breadcrumb","itemListElement":[{"@type":"ListItem","position":1,"name":"Home","item":"https:\/\/www.foselev.com\/en\/"},{"@type":"ListItem","position":2,"name":"FOSELEV AGINTIS V\u00e9nissieux : Plan de soutien R\u00e9gion Rh\u00f4ne-Alpes"}]},{"@type":"WebSite","@id":"https:\/\/www.foselev.com\/en\/#website","url":"https:\/\/www.foselev.com\/en\/","name":"FOSELEV","description":"Offre globale de services \u00e0 l&#039;industrie, au BTP et au nucl\u00e9aire.","publisher":{"@id":"https:\/\/www.foselev.com\/en\/#organization"},"potentialAction":[{"@type":"SearchAction","target":{"@type":"EntryPoint","urlTemplate":"https:\/\/www.foselev.com\/en\/?s={search_term_string}"},"query-input":{"@type":"PropertyValueSpecification","valueRequired":true,"valueName":"search_term_string"}}],"inLanguage":"en-US"},{"@type":"Organization","@id":"https:\/\/www.foselev.com\/en\/#organization","name":"FOSELEV","url":"https:\/\/www.foselev.com\/en\/","logo":{"@type":"ImageObject","inLanguage":"en-US","@id":"https:\/\/www.foselev.com\/en\/#\/schema\/logo\/image\/","url":"https:\/\/www.foselev.com\/wp-content\/uploads\/2020\/03\/FOSELEV_Logo_Pyramide_Grise-Orange.svg","contentUrl":"https:\/\/www.foselev.com\/wp-content\/uploads\/2020\/03\/FOSELEV_Logo_Pyramide_Grise-Orange.svg","width":"1024","height":"1024","caption":"FOSELEV"},"image":{"@id":"https:\/\/www.foselev.com\/en\/#\/schema\/logo\/image\/"}},{"@type":"Person","@id":"https:\/\/www.foselev.com\/en\/#\/schema\/person\/e8d8f44dec92edd50246bae4d71b9c35","name":"Joffrey JACOBS","image":{"@type":"ImageObject","inLanguage":"en-US","@id":"https:\/\/www.foselev.com\/en\/#\/schema\/person\/image\/","url":"https:\/\/secure.gravatar.com\/avatar\/229a7bdd5dad1292dc109a43bdc428c28facb3d53af4d03037f5ad66284c33bc?s=96&d=mm&r=g","contentUrl":"https:\/\/secure.gravatar.com\/avatar\/229a7bdd5dad1292dc109a43bdc428c28facb3d53af4d03037f5ad66284c33bc?s=96&d=mm&r=g","caption":"Joffrey JACOBS"}}]}},"_links":{"self":[{"href":"https:\/\/www.foselev.com\/en\/wp-json\/wp\/v2\/posts\/30333","targetHints":{"allow":["GET"]}}],"collection":[{"href":"https:\/\/www.foselev.com\/en\/wp-json\/wp\/v2\/posts"}],"about":[{"href":"https:\/\/www.foselev.com\/en\/wp-json\/wp\/v2\/types\/post"}],"author":[{"embeddable":true,"href":"https:\/\/www.foselev.com\/en\/wp-json\/wp\/v2\/users\/3"}],"replies":[{"embeddable":true,"href":"https:\/\/www.foselev.com\/en\/wp-json\/wp\/v2\/comments?post=30333"}],"version-history":[{"count":0,"href":"https:\/\/www.foselev.com\/en\/wp-json\/wp\/v2\/posts\/30333\/revisions"}],"wp:featuredmedia":[{"embeddable":true,"href":"https:\/\/www.foselev.com\/en\/wp-json\/wp\/v2\/media\/30336"}],"wp:attachment":[{"href":"https:\/\/www.foselev.com\/en\/wp-json\/wp\/v2\/media?parent=30333"}],"wp:term":[{"taxonomy":"category","embeddable":true,"href":"https:\/\/www.foselev.com\/en\/wp-json\/wp\/v2\/categories?post=30333"},{"taxonomy":"post_tag","embeddable":true,"href":"https:\/\/www.foselev.com\/en\/wp-json\/wp\/v2\/tags?post=30333"},{"taxonomy":"categories_articles","embeddable":true,"href":"https:\/\/www.foselev.com\/en\/wp-json\/wp\/v2\/categories_articles?post=30333"}],"curies":[{"name":"wp","href":"https:\/\/api.w.org\/{rel}","templated":true}]}}