{"id":33349,"date":"2023-06-20T11:49:08","date_gmt":"2023-06-20T09:49:08","guid":{"rendered":"https:\/\/www.foselev.com\/?p=33349"},"modified":"2023-06-20T11:49:12","modified_gmt":"2023-06-20T09:49:12","slug":"une-soudeuse-et-un-soudeur-du-groupe-foselev-participeront-au-championnat-de-france-de-soudure-2023-2","status":"publish","type":"post","link":"https:\/\/www.foselev.com\/en\/une-soudeuse-et-un-soudeur-du-groupe-foselev-participeront-au-championnat-de-france-de-soudure-2023-2\/","title":{"rendered":"FOSELEV participe au SUMMER JOB 2023 \u00e0 Marseille"},"content":{"rendered":"<p>Cette ann\u00e9e encore, FOSELEV participera au <strong>salon du SUMMER JOB 2023<\/strong> qui se d\u00e9roulera le <strong>vendredi 23 juin de 9h \u00e0 16h<\/strong>, dans le cadre exceptionnel de l\u2019<strong>Orange V\u00e9lodrome \u00e0 Marseille<\/strong>.<\/p>\n<p>\u00c9v\u00e9nement incontournable de l\u2019\u00e9t\u00e9, avec une ambiance in\u00e9dite autour du th\u00e8me <strong>\u00ab Retro futuriste \u00bb<\/strong>, notre \u00e9quipe du recrutement sera pr\u00e9sente pour discuter, vous faire d\u00e9couvrir nos m\u00e9tiers, notre culture d\u2019entreprise ainsi que l\u2019ensemble de nos opportunit\u00e9s d\u2019emploi.<\/p>\n<p>Ensemblier de services regroupant plus de <strong>3 000 collaborateurs<\/strong>, le Groupe FOSELEV continue de se d\u00e9velopper et cherche \u00e0 accueillir de nouveaux talents pour rejoindre l\u2019aventure et partager la synergie du groupe.<\/p>\n<p>Et parce que <strong>\u00ab NOTRE FUTUR, C\u2019EST VOUS \u00bb<\/strong>, c\u2019est avec impatience et enthousiasme que nos \u00e9quipes vous attendent afin de vous d\u00e9tailler les profils recherch\u00e9s : acheteurs, techniciens, chefs de projets, m\u00e9caniciens, conducteurs, assistants, contr\u00f4leurs de gestion, etc.<\/p>\n<p><strong>Pour vous inscrire et venir nous rencontrer \u2192 <a href=\"https:\/\/emploi.summer-marseille.com\/inscription-candidat\/\" target=\"_blank\" rel=\"noopener\">cliquez ici !<\/a><\/strong><\/p>\n","protected":false},"excerpt":{"rendered":"<p>Cette ann\u00e9e encore, FOSELEV participera au salon du SUMMER JOB 2023 qui se d\u00e9roulera le vendredi 23 juin de 9h \u00e0 16h, dans le cadre exceptionnel de l\u2019Orange V\u00e9lodrome \u00e0 Marseille. \u00c9v\u00e9nement incontournable de l\u2019\u00e9t\u00e9, avec une ambiance in\u00e9dite autour du th\u00e8me \u00ab Retro futuriste \u00bb, notre \u00e9quipe du recrutement sera pr\u00e9sente pour discuter, vous [&hellip;]<\/p>\n","protected":false},"author":4,"featured_media":33362,"comment_status":"closed","ping_status":"closed","sticky":false,"template":"","format":"standard","meta":{"_acf_changed":false,"inline_featured_image":false,"site-sidebar-layout":"default","site-content-layout":"default","ast-site-content-layout":"default","site-content-style":"default","site-sidebar-style":"default","ast-global-header-display":"","ast-banner-title-visibility":"","ast-main-header-display":"","ast-hfb-above-header-display":"","ast-hfb-below-header-display":"","ast-hfb-mobile-header-display":"","site-post-title":"","ast-breadcrumbs-content":"","ast-featured-img":"","footer-sml-layout":"","ast-disable-related-posts":"","theme-transparent-header-meta":"default","adv-header-id-meta":"","stick-header-meta":"","header-above-stick-meta":"","header-main-stick-meta":"","header-below-stick-meta":"","astra-migrate-meta-layouts":"default","ast-page-background-enabled":"default","ast-page-background-meta":{"desktop":{"background-color":"","background-image":"","background-repeat":"repeat","background-position":"center center","background-size":"auto","background-attachment":"scroll","background-type":"","background-media":"","overlay-type":"","overlay-color":"","overlay-opacity":"","overlay-gradient":""},"tablet":{"background-color":"","background-image":"","background-repeat":"repeat","background-position":"center center","background-size":"auto","background-attachment":"scroll","background-type":"","background-media":"","overlay-type":"","overlay-color":"","overlay-opacity":"","overlay-gradient":""},"mobile":{"background-color":"","background-image":"","background-repeat":"repeat","background-position":"center center","background-size":"auto","background-attachment":"scroll","background-type":"","background-media":"","overlay-type":"","overlay-color":"","overlay-opacity":"","overlay-gradient":""}},"ast-content-background-meta":{"desktop":{"background-color":"var(--ast-global-color-5)","background-image":"","background-repeat":"repeat","background-position":"center center","background-size":"auto","background-attachment":"scroll","background-type":"","background-media":"","overlay-type":"","overlay-color":"","overlay-opacity":"","overlay-gradient":""},"tablet":{"background-color":"var(--ast-global-color-5)","background-image":"","background-repeat":"repeat","background-position":"center center","background-size":"auto","background-attachment":"scroll","background-type":"","background-media":"","overlay-type":"","overlay-color":"","overlay-opacity":"","overlay-gradient":""},"mobile":{"background-color":"var(--ast-global-color-5)","background-image":"","background-repeat":"repeat","background-position":"center center","background-size":"auto","background-attachment":"scroll","background-type":"","background-media":"","overlay-type":"","overlay-color":"","overlay-opacity":"","overlay-gradient":""}},"footnotes":""},"categories":[17],"tags":[],"categories_articles":[],"class_list":["post-33349","post","type-post","status-publish","format-standard","has-post-thumbnail","hentry","category-uncategorized"],"acf":[],"yoast_head":"<!-- This site is optimized with the Yoast SEO plugin v26.8 - https:\/\/yoast.com\/product\/yoast-seo-wordpress\/ -->\n<title>FOSELEV FOSELEV participe au SUMMER JOB 2023<\/title>\n<meta name=\"robots\" content=\"index, follow, max-snippet:-1, max-image-preview:large, max-video-preview:-1\" \/>\n<link rel=\"canonical\" href=\"https:\/\/www.foselev.com\/en\/une-soudeuse-et-un-soudeur-du-groupe-foselev-participeront-au-championnat-de-france-de-soudure-2023-2\/\" \/>\n<meta property=\"og:locale\" content=\"en_US\" \/>\n<meta property=\"og:type\" content=\"article\" \/>\n<meta property=\"og:title\" content=\"FOSELEV FOSELEV participe au SUMMER JOB 2023\" \/>\n<meta property=\"og:description\" content=\"Cette ann\u00e9e encore, FOSELEV participera au salon du SUMMER JOB 2023 qui se d\u00e9roulera le vendredi 23 juin de 9h \u00e0 16h, dans le cadre exceptionnel de l\u2019Orange V\u00e9lodrome \u00e0 Marseille. \u00c9v\u00e9nement incontournable de l\u2019\u00e9t\u00e9, avec une ambiance in\u00e9dite autour du th\u00e8me \u00ab Retro futuriste \u00bb, notre \u00e9quipe du recrutement sera pr\u00e9sente pour discuter, vous [&hellip;]\" \/>\n<meta property=\"og:url\" content=\"https:\/\/www.foselev.com\/en\/une-soudeuse-et-un-soudeur-du-groupe-foselev-participeront-au-championnat-de-france-de-soudure-2023-2\/\" \/>\n<meta property=\"og:site_name\" content=\"FOSELEV\" \/>\n<meta property=\"article:published_time\" content=\"2023-06-20T09:49:08+00:00\" \/>\n<meta property=\"article:modified_time\" content=\"2023-06-20T09:49:12+00:00\" \/>\n<meta property=\"og:image\" content=\"https:\/\/www.foselev.com\/wp-content\/uploads\/2023\/06\/FOSELEV-SAS-Summer-Job-Festival-Actu-Site-web-v2.jpg\" \/>\n\t<meta property=\"og:image:width\" content=\"1024\" \/>\n\t<meta property=\"og:image:height\" content=\"512\" \/>\n\t<meta property=\"og:image:type\" content=\"image\/jpeg\" \/>\n<meta name=\"author\" content=\"Foselev\" \/>\n<meta name=\"twitter:card\" content=\"summary_large_image\" \/>\n<meta name=\"twitter:label1\" content=\"Written by\" \/>\n\t<meta name=\"twitter:data1\" content=\"Foselev\" \/>\n\t<meta name=\"twitter:label2\" content=\"Est. reading time\" \/>\n\t<meta name=\"twitter:data2\" content=\"1 minute\" \/>\n<script type=\"application\/ld+json\" class=\"yoast-schema-graph\">{\"@context\":\"https:\/\/schema.org\",\"@graph\":[{\"@type\":\"Article\",\"@id\":\"https:\/\/www.foselev.com\/en\/une-soudeuse-et-un-soudeur-du-groupe-foselev-participeront-au-championnat-de-france-de-soudure-2023-2\/#article\",\"isPartOf\":{\"@id\":\"https:\/\/www.foselev.com\/en\/une-soudeuse-et-un-soudeur-du-groupe-foselev-participeront-au-championnat-de-france-de-soudure-2023-2\/\"},\"author\":{\"name\":\"Foselev\",\"@id\":\"https:\/\/www.foselev.com\/en\/#\/schema\/person\/a3416ff4980eb9f176a88ff12e436f6b\"},\"headline\":\"FOSELEV participe au SUMMER JOB 2023 \u00e0 Marseille\",\"datePublished\":\"2023-06-20T09:49:08+00:00\",\"dateModified\":\"2023-06-20T09:49:12+00:00\",\"mainEntityOfPage\":{\"@id\":\"https:\/\/www.foselev.com\/en\/une-soudeuse-et-un-soudeur-du-groupe-foselev-participeront-au-championnat-de-france-de-soudure-2023-2\/\"},\"wordCount\":166,\"publisher\":{\"@id\":\"https:\/\/www.foselev.com\/en\/#organization\"},\"image\":{\"@id\":\"https:\/\/www.foselev.com\/en\/une-soudeuse-et-un-soudeur-du-groupe-foselev-participeront-au-championnat-de-france-de-soudure-2023-2\/#primaryimage\"},\"thumbnailUrl\":\"https:\/\/www.foselev.com\/wp-content\/uploads\/2023\/06\/FOSELEV-SAS-Summer-Job-Festival-Actu-Site-web-v2.jpg\",\"inLanguage\":\"en-US\"},{\"@type\":\"WebPage\",\"@id\":\"https:\/\/www.foselev.com\/en\/une-soudeuse-et-un-soudeur-du-groupe-foselev-participeront-au-championnat-de-france-de-soudure-2023-2\/\",\"url\":\"https:\/\/www.foselev.com\/en\/une-soudeuse-et-un-soudeur-du-groupe-foselev-participeront-au-championnat-de-france-de-soudure-2023-2\/\",\"name\":\"FOSELEV FOSELEV participe au SUMMER JOB 2023\",\"isPartOf\":{\"@id\":\"https:\/\/www.foselev.com\/en\/#website\"},\"primaryImageOfPage\":{\"@id\":\"https:\/\/www.foselev.com\/en\/une-soudeuse-et-un-soudeur-du-groupe-foselev-participeront-au-championnat-de-france-de-soudure-2023-2\/#primaryimage\"},\"image\":{\"@id\":\"https:\/\/www.foselev.com\/en\/une-soudeuse-et-un-soudeur-du-groupe-foselev-participeront-au-championnat-de-france-de-soudure-2023-2\/#primaryimage\"},\"thumbnailUrl\":\"https:\/\/www.foselev.com\/wp-content\/uploads\/2023\/06\/FOSELEV-SAS-Summer-Job-Festival-Actu-Site-web-v2.jpg\",\"datePublished\":\"2023-06-20T09:49:08+00:00\",\"dateModified\":\"2023-06-20T09:49:12+00:00\",\"breadcrumb\":{\"@id\":\"https:\/\/www.foselev.com\/en\/une-soudeuse-et-un-soudeur-du-groupe-foselev-participeront-au-championnat-de-france-de-soudure-2023-2\/#breadcrumb\"},\"inLanguage\":\"en-US\",\"potentialAction\":[{\"@type\":\"ReadAction\",\"target\":[\"https:\/\/www.foselev.com\/en\/une-soudeuse-et-un-soudeur-du-groupe-foselev-participeront-au-championnat-de-france-de-soudure-2023-2\/\"]}]},{\"@type\":\"ImageObject\",\"inLanguage\":\"en-US\",\"@id\":\"https:\/\/www.foselev.com\/en\/une-soudeuse-et-un-soudeur-du-groupe-foselev-participeront-au-championnat-de-france-de-soudure-2023-2\/#primaryimage\",\"url\":\"https:\/\/www.foselev.com\/wp-content\/uploads\/2023\/06\/FOSELEV-SAS-Summer-Job-Festival-Actu-Site-web-v2.jpg\",\"contentUrl\":\"https:\/\/www.foselev.com\/wp-content\/uploads\/2023\/06\/FOSELEV-SAS-Summer-Job-Festival-Actu-Site-web-v2.jpg\",\"width\":1024,\"height\":512,\"caption\":\"FOSELEV participe au SUMMER JOB 2023 \\\"Notre futur c'est vous !\\\"\"},{\"@type\":\"BreadcrumbList\",\"@id\":\"https:\/\/www.foselev.com\/en\/une-soudeuse-et-un-soudeur-du-groupe-foselev-participeront-au-championnat-de-france-de-soudure-2023-2\/#breadcrumb\",\"itemListElement\":[{\"@type\":\"ListItem\",\"position\":1,\"name\":\"Home\",\"item\":\"https:\/\/www.foselev.com\/en\/\"},{\"@type\":\"ListItem\",\"position\":2,\"name\":\"FOSELEV participe au SUMMER JOB 2023 \u00e0 Marseille\"}]},{\"@type\":\"WebSite\",\"@id\":\"https:\/\/www.foselev.com\/en\/#website\",\"url\":\"https:\/\/www.foselev.com\/en\/\",\"name\":\"FOSELEV\",\"description\":\"Offre globale de services \u00e0 l&#039;industrie, au BTP et au nucl\u00e9aire.\",\"publisher\":{\"@id\":\"https:\/\/www.foselev.com\/en\/#organization\"},\"potentialAction\":[{\"@type\":\"SearchAction\",\"target\":{\"@type\":\"EntryPoint\",\"urlTemplate\":\"https:\/\/www.foselev.com\/en\/?s={search_term_string}\"},\"query-input\":{\"@type\":\"PropertyValueSpecification\",\"valueRequired\":true,\"valueName\":\"search_term_string\"}}],\"inLanguage\":\"en-US\"},{\"@type\":\"Organization\",\"@id\":\"https:\/\/www.foselev.com\/en\/#organization\",\"name\":\"FOSELEV\",\"url\":\"https:\/\/www.foselev.com\/en\/\",\"logo\":{\"@type\":\"ImageObject\",\"inLanguage\":\"en-US\",\"@id\":\"https:\/\/www.foselev.com\/en\/#\/schema\/logo\/image\/\",\"url\":\"https:\/\/www.foselev.com\/wp-content\/uploads\/2020\/03\/FOSELEV_Logo_Pyramide_Grise-Orange.svg\",\"contentUrl\":\"https:\/\/www.foselev.com\/wp-content\/uploads\/2020\/03\/FOSELEV_Logo_Pyramide_Grise-Orange.svg\",\"width\":\"1024\",\"height\":\"1024\",\"caption\":\"FOSELEV\"},\"image\":{\"@id\":\"https:\/\/www.foselev.com\/en\/#\/schema\/logo\/image\/\"}},{\"@type\":\"Person\",\"@id\":\"https:\/\/www.foselev.com\/en\/#\/schema\/person\/a3416ff4980eb9f176a88ff12e436f6b\",\"name\":\"Foselev\",\"image\":{\"@type\":\"ImageObject\",\"inLanguage\":\"en-US\",\"@id\":\"https:\/\/www.foselev.com\/en\/#\/schema\/person\/image\/\",\"url\":\"https:\/\/secure.gravatar.com\/avatar\/9bcf4219153f510be83d10f01f0386523bb6429092fd4076d1f2a09bd17be441?s=96&d=mm&r=g\",\"contentUrl\":\"https:\/\/secure.gravatar.com\/avatar\/9bcf4219153f510be83d10f01f0386523bb6429092fd4076d1f2a09bd17be441?s=96&d=mm&r=g\",\"caption\":\"Foselev\"}}]}<\/script>\n<!-- \/ Yoast SEO plugin. -->","yoast_head_json":{"title":"FOSELEV FOSELEV participe au SUMMER JOB 2023","robots":{"index":"index","follow":"follow","max-snippet":"max-snippet:-1","max-image-preview":"max-image-preview:large","max-video-preview":"max-video-preview:-1"},"canonical":"https:\/\/www.foselev.com\/en\/une-soudeuse-et-un-soudeur-du-groupe-foselev-participeront-au-championnat-de-france-de-soudure-2023-2\/","og_locale":"en_US","og_type":"article","og_title":"FOSELEV FOSELEV participe au SUMMER JOB 2023","og_description":"Cette ann\u00e9e encore, FOSELEV participera au salon du SUMMER JOB 2023 qui se d\u00e9roulera le vendredi 23 juin de 9h \u00e0 16h, dans le cadre exceptionnel de l\u2019Orange V\u00e9lodrome \u00e0 Marseille. \u00c9v\u00e9nement incontournable de l\u2019\u00e9t\u00e9, avec une ambiance in\u00e9dite autour du th\u00e8me \u00ab Retro futuriste \u00bb, notre \u00e9quipe du recrutement sera pr\u00e9sente pour discuter, vous [&hellip;]","og_url":"https:\/\/www.foselev.com\/en\/une-soudeuse-et-un-soudeur-du-groupe-foselev-participeront-au-championnat-de-france-de-soudure-2023-2\/","og_site_name":"FOSELEV","article_published_time":"2023-06-20T09:49:08+00:00","article_modified_time":"2023-06-20T09:49:12+00:00","og_image":[{"width":1024,"height":512,"url":"https:\/\/www.foselev.com\/wp-content\/uploads\/2023\/06\/FOSELEV-SAS-Summer-Job-Festival-Actu-Site-web-v2.jpg","type":"image\/jpeg"}],"author":"Foselev","twitter_card":"summary_large_image","twitter_misc":{"Written by":"Foselev","Est. reading time":"1 minute"},"schema":{"@context":"https:\/\/schema.org","@graph":[{"@type":"Article","@id":"https:\/\/www.foselev.com\/en\/une-soudeuse-et-un-soudeur-du-groupe-foselev-participeront-au-championnat-de-france-de-soudure-2023-2\/#article","isPartOf":{"@id":"https:\/\/www.foselev.com\/en\/une-soudeuse-et-un-soudeur-du-groupe-foselev-participeront-au-championnat-de-france-de-soudure-2023-2\/"},"author":{"name":"Foselev","@id":"https:\/\/www.foselev.com\/en\/#\/schema\/person\/a3416ff4980eb9f176a88ff12e436f6b"},"headline":"FOSELEV participe au SUMMER JOB 2023 \u00e0 Marseille","datePublished":"2023-06-20T09:49:08+00:00","dateModified":"2023-06-20T09:49:12+00:00","mainEntityOfPage":{"@id":"https:\/\/www.foselev.com\/en\/une-soudeuse-et-un-soudeur-du-groupe-foselev-participeront-au-championnat-de-france-de-soudure-2023-2\/"},"wordCount":166,"publisher":{"@id":"https:\/\/www.foselev.com\/en\/#organization"},"image":{"@id":"https:\/\/www.foselev.com\/en\/une-soudeuse-et-un-soudeur-du-groupe-foselev-participeront-au-championnat-de-france-de-soudure-2023-2\/#primaryimage"},"thumbnailUrl":"https:\/\/www.foselev.com\/wp-content\/uploads\/2023\/06\/FOSELEV-SAS-Summer-Job-Festival-Actu-Site-web-v2.jpg","inLanguage":"en-US"},{"@type":"WebPage","@id":"https:\/\/www.foselev.com\/en\/une-soudeuse-et-un-soudeur-du-groupe-foselev-participeront-au-championnat-de-france-de-soudure-2023-2\/","url":"https:\/\/www.foselev.com\/en\/une-soudeuse-et-un-soudeur-du-groupe-foselev-participeront-au-championnat-de-france-de-soudure-2023-2\/","name":"FOSELEV FOSELEV participe au SUMMER JOB 2023","isPartOf":{"@id":"https:\/\/www.foselev.com\/en\/#website"},"primaryImageOfPage":{"@id":"https:\/\/www.foselev.com\/en\/une-soudeuse-et-un-soudeur-du-groupe-foselev-participeront-au-championnat-de-france-de-soudure-2023-2\/#primaryimage"},"image":{"@id":"https:\/\/www.foselev.com\/en\/une-soudeuse-et-un-soudeur-du-groupe-foselev-participeront-au-championnat-de-france-de-soudure-2023-2\/#primaryimage"},"thumbnailUrl":"https:\/\/www.foselev.com\/wp-content\/uploads\/2023\/06\/FOSELEV-SAS-Summer-Job-Festival-Actu-Site-web-v2.jpg","datePublished":"2023-06-20T09:49:08+00:00","dateModified":"2023-06-20T09:49:12+00:00","breadcrumb":{"@id":"https:\/\/www.foselev.com\/en\/une-soudeuse-et-un-soudeur-du-groupe-foselev-participeront-au-championnat-de-france-de-soudure-2023-2\/#breadcrumb"},"inLanguage":"en-US","potentialAction":[{"@type":"ReadAction","target":["https:\/\/www.foselev.com\/en\/une-soudeuse-et-un-soudeur-du-groupe-foselev-participeront-au-championnat-de-france-de-soudure-2023-2\/"]}]},{"@type":"ImageObject","inLanguage":"en-US","@id":"https:\/\/www.foselev.com\/en\/une-soudeuse-et-un-soudeur-du-groupe-foselev-participeront-au-championnat-de-france-de-soudure-2023-2\/#primaryimage","url":"https:\/\/www.foselev.com\/wp-content\/uploads\/2023\/06\/FOSELEV-SAS-Summer-Job-Festival-Actu-Site-web-v2.jpg","contentUrl":"https:\/\/www.foselev.com\/wp-content\/uploads\/2023\/06\/FOSELEV-SAS-Summer-Job-Festival-Actu-Site-web-v2.jpg","width":1024,"height":512,"caption":"FOSELEV participe au SUMMER JOB 2023 \"Notre futur c'est vous !\""},{"@type":"BreadcrumbList","@id":"https:\/\/www.foselev.com\/en\/une-soudeuse-et-un-soudeur-du-groupe-foselev-participeront-au-championnat-de-france-de-soudure-2023-2\/#breadcrumb","itemListElement":[{"@type":"ListItem","position":1,"name":"Home","item":"https:\/\/www.foselev.com\/en\/"},{"@type":"ListItem","position":2,"name":"FOSELEV participe au SUMMER JOB 2023 \u00e0 Marseille"}]},{"@type":"WebSite","@id":"https:\/\/www.foselev.com\/en\/#website","url":"https:\/\/www.foselev.com\/en\/","name":"FOSELEV","description":"Offre globale de services \u00e0 l&#039;industrie, au BTP et au nucl\u00e9aire.","publisher":{"@id":"https:\/\/www.foselev.com\/en\/#organization"},"potentialAction":[{"@type":"SearchAction","target":{"@type":"EntryPoint","urlTemplate":"https:\/\/www.foselev.com\/en\/?s={search_term_string}"},"query-input":{"@type":"PropertyValueSpecification","valueRequired":true,"valueName":"search_term_string"}}],"inLanguage":"en-US"},{"@type":"Organization","@id":"https:\/\/www.foselev.com\/en\/#organization","name":"FOSELEV","url":"https:\/\/www.foselev.com\/en\/","logo":{"@type":"ImageObject","inLanguage":"en-US","@id":"https:\/\/www.foselev.com\/en\/#\/schema\/logo\/image\/","url":"https:\/\/www.foselev.com\/wp-content\/uploads\/2020\/03\/FOSELEV_Logo_Pyramide_Grise-Orange.svg","contentUrl":"https:\/\/www.foselev.com\/wp-content\/uploads\/2020\/03\/FOSELEV_Logo_Pyramide_Grise-Orange.svg","width":"1024","height":"1024","caption":"FOSELEV"},"image":{"@id":"https:\/\/www.foselev.com\/en\/#\/schema\/logo\/image\/"}},{"@type":"Person","@id":"https:\/\/www.foselev.com\/en\/#\/schema\/person\/a3416ff4980eb9f176a88ff12e436f6b","name":"Foselev","image":{"@type":"ImageObject","inLanguage":"en-US","@id":"https:\/\/www.foselev.com\/en\/#\/schema\/person\/image\/","url":"https:\/\/secure.gravatar.com\/avatar\/9bcf4219153f510be83d10f01f0386523bb6429092fd4076d1f2a09bd17be441?s=96&d=mm&r=g","contentUrl":"https:\/\/secure.gravatar.com\/avatar\/9bcf4219153f510be83d10f01f0386523bb6429092fd4076d1f2a09bd17be441?s=96&d=mm&r=g","caption":"Foselev"}}]}},"_links":{"self":[{"href":"https:\/\/www.foselev.com\/en\/wp-json\/wp\/v2\/posts\/33349","targetHints":{"allow":["GET"]}}],"collection":[{"href":"https:\/\/www.foselev.com\/en\/wp-json\/wp\/v2\/posts"}],"about":[{"href":"https:\/\/www.foselev.com\/en\/wp-json\/wp\/v2\/types\/post"}],"author":[{"embeddable":true,"href":"https:\/\/www.foselev.com\/en\/wp-json\/wp\/v2\/users\/4"}],"replies":[{"embeddable":true,"href":"https:\/\/www.foselev.com\/en\/wp-json\/wp\/v2\/comments?post=33349"}],"version-history":[{"count":0,"href":"https:\/\/www.foselev.com\/en\/wp-json\/wp\/v2\/posts\/33349\/revisions"}],"wp:featuredmedia":[{"embeddable":true,"href":"https:\/\/www.foselev.com\/en\/wp-json\/wp\/v2\/media\/33362"}],"wp:attachment":[{"href":"https:\/\/www.foselev.com\/en\/wp-json\/wp\/v2\/media?parent=33349"}],"wp:term":[{"taxonomy":"category","embeddable":true,"href":"https:\/\/www.foselev.com\/en\/wp-json\/wp\/v2\/categories?post=33349"},{"taxonomy":"post_tag","embeddable":true,"href":"https:\/\/www.foselev.com\/en\/wp-json\/wp\/v2\/tags?post=33349"},{"taxonomy":"categories_articles","embeddable":true,"href":"https:\/\/www.foselev.com\/en\/wp-json\/wp\/v2\/categories_articles?post=33349"}],"curies":[{"name":"wp","href":"https:\/\/api.w.org\/{rel}","templated":true}]}}