{"id":37895,"date":"2023-09-20T10:47:03","date_gmt":"2023-09-20T08:47:03","guid":{"rendered":"https:\/\/www.foselev.com\/?p=37895"},"modified":"2023-09-20T10:47:07","modified_gmt":"2023-09-20T08:47:07","slug":"foselev-sengage-dans-la-decarbonation","status":"publish","type":"post","link":"https:\/\/www.foselev.com\/en\/foselev-sengage-dans-la-decarbonation\/","title":{"rendered":"FOSELEV S&#8217;ENGAGE DANS LA D\u00c9CARBONATION"},"content":{"rendered":"\t\t<div data-elementor-type=\"wp-post\" data-elementor-id=\"37895\" class=\"elementor elementor-37895 elementor-37894\" data-elementor-post-type=\"post\">\n\t\t\t\t\t\t<section class=\"elementor-section elementor-top-section elementor-element elementor-element-142dff9e elementor-section-boxed elementor-section-height-default elementor-section-height-default\" data-id=\"142dff9e\" data-element_type=\"section\" data-e-type=\"section\">\n\t\t\t\t\t\t<div class=\"elementor-container elementor-column-gap-default\">\n\t\t\t\t\t<div class=\"elementor-column elementor-col-100 elementor-top-column elementor-element elementor-element-3fb19765\" data-id=\"3fb19765\" data-element_type=\"column\" data-e-type=\"column\">\n\t\t\t<div class=\"elementor-widget-wrap elementor-element-populated\">\n\t\t\t\t\t\t<div class=\"elementor-element elementor-element-5df1256 elementor-widget elementor-widget-text-editor\" data-id=\"5df1256\" data-element_type=\"widget\" data-e-type=\"widget\" data-widget_type=\"text-editor.default\">\n\t\t\t\t<div class=\"elementor-widget-container\">\n\t\t\t\t\t\t\t\t\t<p><strong>FOSELEV\u00a0 s&#8217;engage dans la d\u00e9carbonation et roule au HVO !<\/strong><\/p><p>FOSELEV d\u00e9ploie son plan d&#8217;actions <strong>bas carbone<\/strong> et acc\u00e9l\u00e8re sa <strong>transition \u00e9nerg\u00e9tique<\/strong>, l&#8217;un des engagements majeurs du Groupe, notamment au niveau de sa flotte d&#8217;engins.<\/p><p>Parmi les mesures phares, l&#8217;int\u00e9gration de solutions respectueuses de l&#8217;environnement et de la plan\u00e8te, \u00e0 savoir l&#8217;utilisation de carburants d\u00e9carbon\u00e9s tels que le HVO permettant <strong>la r\u00e9duction de 60 \u00e0 90 % de CO<sub>2<\/sub><\/strong>, pour nos grues mobiles qui roulent dor\u00e9navant \u00e0 ce carburant vert !<\/p><p><strong>Ce dispositif sera progressivement \u00e9tendu \u00e0 l&#8217;ensemble de nos grues et machines du parc FOSELEV \u00e9ligibles au HVO.<\/strong><\/p><p>Le HVO (Hydrotreated Vegetable Oil) est<strong> un carburant d\u2019origine 100% renouvelable, certifi\u00e9 durable,<\/strong> conform\u00e9ment \u00e0 la directive \u00e9nergies renouvelables de l&#8217;Union Europ\u00e9enne. Il est fabriqu\u00e9 \u00e0 partir d\u2019huiles v\u00e9g\u00e9tales recycl\u00e9es ou durables.<\/p><p>FOSELEV fait le choix des \u00e9nergies alternatives et des carburants verts pour un <strong>mix \u00e9nerg\u00e9tique<\/strong> plus durable aux c\u00f4t\u00e9s de ses Clients et Partenaires.<\/p><p>La transition \u00e9nerg\u00e9tique est essentielle pour relever les d\u00e9fis li\u00e9s au changement climatique dans le but de construire un avenir plus durable.<\/p><p>Si vous souhaitez participer \u00e0 la transition \u00e9cologique et am\u00e9liorer votre Bilan Carbone, contactez-nous sur <strong><span style=\"text-decoration: underline;\"><a href=\"mailto:greenenergies@foselev.fr\">greenenergies@foselev.fr\u00a0<\/a><\/span><\/strong><\/p><p><strong>Construisons Ensemble un Futur pour la Plan\u00e8te !<\/strong><\/p>\t\t\t\t\t\t\t\t<\/div>\n\t\t\t\t<\/div>\n\t\t\t\t\t<\/div>\n\t\t<\/div>\n\t\t\t\t\t<\/div>\n\t\t<\/section>\n\t\t\t\t<\/div>\n\t\t","protected":false},"excerpt":{"rendered":"<p>FOSELEV&nbsp; s&#8217;engage dans la d\u00e9carbonation et roule au HVO ! FOSELEV d\u00e9ploie son plan d&#8217;actions bas carbone et acc\u00e9l\u00e8re sa transition \u00e9nerg\u00e9tique, l&#8217;un des engagements majeurs du Groupe, notamment au niveau de sa flotte d&#8217;engins. Parmi les mesures phares, l&#8217;int\u00e9gration de solutions respectueuses de l&#8217;environnement et de la plan\u00e8te, \u00e0 savoir l&#8217;utilisation de carburants d\u00e9carbon\u00e9s [&hellip;]<\/p>\n","protected":false},"author":3,"featured_media":37896,"comment_status":"closed","ping_status":"closed","sticky":false,"template":"","format":"standard","meta":{"_acf_changed":false,"inline_featured_image":false,"site-sidebar-layout":"default","site-content-layout":"default","ast-site-content-layout":"default","site-content-style":"default","site-sidebar-style":"default","ast-global-header-display":"","ast-banner-title-visibility":"","ast-main-header-display":"","ast-hfb-above-header-display":"","ast-hfb-below-header-display":"","ast-hfb-mobile-header-display":"","site-post-title":"","ast-breadcrumbs-content":"","ast-featured-img":"","footer-sml-layout":"","ast-disable-related-posts":"","theme-transparent-header-meta":"default","adv-header-id-meta":"","stick-header-meta":"","header-above-stick-meta":"","header-main-stick-meta":"","header-below-stick-meta":"","astra-migrate-meta-layouts":"default","ast-page-background-enabled":"default","ast-page-background-meta":{"desktop":{"background-color":"","background-image":"","background-repeat":"repeat","background-position":"center center","background-size":"auto","background-attachment":"scroll","background-type":"","background-media":"","overlay-type":"","overlay-color":"","overlay-opacity":"","overlay-gradient":""},"tablet":{"background-color":"","background-image":"","background-repeat":"repeat","background-position":"center center","background-size":"auto","background-attachment":"scroll","background-type":"","background-media":"","overlay-type":"","overlay-color":"","overlay-opacity":"","overlay-gradient":""},"mobile":{"background-color":"","background-image":"","background-repeat":"repeat","background-position":"center center","background-size":"auto","background-attachment":"scroll","background-type":"","background-media":"","overlay-type":"","overlay-color":"","overlay-opacity":"","overlay-gradient":""}},"ast-content-background-meta":{"desktop":{"background-color":"var(--ast-global-color-5)","background-image":"","background-repeat":"repeat","background-position":"center center","background-size":"auto","background-attachment":"scroll","background-type":"","background-media":"","overlay-type":"","overlay-color":"","overlay-opacity":"","overlay-gradient":""},"tablet":{"background-color":"var(--ast-global-color-5)","background-image":"","background-repeat":"repeat","background-position":"center center","background-size":"auto","background-attachment":"scroll","background-type":"","background-media":"","overlay-type":"","overlay-color":"","overlay-opacity":"","overlay-gradient":""},"mobile":{"background-color":"var(--ast-global-color-5)","background-image":"","background-repeat":"repeat","background-position":"center center","background-size":"auto","background-attachment":"scroll","background-type":"","background-media":"","overlay-type":"","overlay-color":"","overlay-opacity":"","overlay-gradient":""}},"footnotes":""},"categories":[29],"tags":[],"categories_articles":[],"class_list":["post-37895","post","type-post","status-publish","format-standard","has-post-thumbnail","hentry","category-foselev-en"],"acf":[],"yoast_head":"<!-- This site is optimized with the Yoast SEO plugin v26.8 - https:\/\/yoast.com\/product\/yoast-seo-wordpress\/ -->\n<title>FOSELEV s&#039;engage dans la d\u00e9carbonation et roule au HVO<\/title>\n<meta name=\"description\" content=\"FOSELEV d\u00e9ploie son plan d&#039;actions bas carbone et acc\u00e9l\u00e8re sa transition \u00e9nerg\u00e9tique\" \/>\n<meta name=\"robots\" content=\"index, follow, max-snippet:-1, max-image-preview:large, max-video-preview:-1\" \/>\n<link rel=\"canonical\" href=\"https:\/\/www.foselev.com\/en\/foselev-sengage-dans-la-decarbonation\/\" \/>\n<meta property=\"og:locale\" content=\"en_US\" \/>\n<meta property=\"og:type\" content=\"article\" \/>\n<meta property=\"og:title\" content=\"FOSELEV s&#039;engage dans la d\u00e9carbonation et roule au HVO\" \/>\n<meta property=\"og:description\" content=\"FOSELEV d\u00e9ploie son plan d&#039;actions bas carbone et acc\u00e9l\u00e8re sa transition \u00e9nerg\u00e9tique\" \/>\n<meta property=\"og:url\" content=\"https:\/\/www.foselev.com\/en\/foselev-sengage-dans-la-decarbonation\/\" \/>\n<meta property=\"og:site_name\" content=\"FOSELEV\" \/>\n<meta property=\"article:published_time\" content=\"2023-09-20T08:47:03+00:00\" \/>\n<meta property=\"article:modified_time\" content=\"2023-09-20T08:47:07+00:00\" \/>\n<meta property=\"og:image\" content=\"https:\/\/www.foselev.com\/wp-content\/uploads\/2023\/09\/FOSELEV-Roule-au-HVO.jpg\" \/>\n\t<meta property=\"og:image:width\" content=\"1920\" \/>\n\t<meta property=\"og:image:height\" content=\"768\" \/>\n\t<meta property=\"og:image:type\" content=\"image\/jpeg\" \/>\n<meta name=\"author\" content=\"Joffrey JACOBS\" \/>\n<meta name=\"twitter:card\" content=\"summary_large_image\" \/>\n<meta name=\"twitter:label1\" content=\"Written by\" \/>\n\t<meta name=\"twitter:data1\" content=\"Joffrey JACOBS\" \/>\n\t<meta name=\"twitter:label2\" content=\"Est. reading time\" \/>\n\t<meta name=\"twitter:data2\" content=\"1 minute\" \/>\n<script type=\"application\/ld+json\" class=\"yoast-schema-graph\">{\"@context\":\"https:\/\/schema.org\",\"@graph\":[{\"@type\":\"Article\",\"@id\":\"https:\/\/www.foselev.com\/en\/foselev-sengage-dans-la-decarbonation\/#article\",\"isPartOf\":{\"@id\":\"https:\/\/www.foselev.com\/en\/foselev-sengage-dans-la-decarbonation\/\"},\"author\":{\"name\":\"Joffrey JACOBS\",\"@id\":\"https:\/\/www.foselev.com\/en\/#\/schema\/person\/e8d8f44dec92edd50246bae4d71b9c35\"},\"headline\":\"FOSELEV S&#8217;ENGAGE DANS LA D\u00c9CARBONATION\",\"datePublished\":\"2023-09-20T08:47:03+00:00\",\"dateModified\":\"2023-09-20T08:47:07+00:00\",\"mainEntityOfPage\":{\"@id\":\"https:\/\/www.foselev.com\/en\/foselev-sengage-dans-la-decarbonation\/\"},\"wordCount\":233,\"publisher\":{\"@id\":\"https:\/\/www.foselev.com\/en\/#organization\"},\"image\":{\"@id\":\"https:\/\/www.foselev.com\/en\/foselev-sengage-dans-la-decarbonation\/#primaryimage\"},\"thumbnailUrl\":\"https:\/\/www.foselev.com\/wp-content\/uploads\/2023\/09\/FOSELEV-Roule-au-HVO.jpg\",\"articleSection\":[\"Foselev\"],\"inLanguage\":\"en-US\"},{\"@type\":\"WebPage\",\"@id\":\"https:\/\/www.foselev.com\/en\/foselev-sengage-dans-la-decarbonation\/\",\"url\":\"https:\/\/www.foselev.com\/en\/foselev-sengage-dans-la-decarbonation\/\",\"name\":\"FOSELEV s'engage dans la d\u00e9carbonation et roule au HVO\",\"isPartOf\":{\"@id\":\"https:\/\/www.foselev.com\/en\/#website\"},\"primaryImageOfPage\":{\"@id\":\"https:\/\/www.foselev.com\/en\/foselev-sengage-dans-la-decarbonation\/#primaryimage\"},\"image\":{\"@id\":\"https:\/\/www.foselev.com\/en\/foselev-sengage-dans-la-decarbonation\/#primaryimage\"},\"thumbnailUrl\":\"https:\/\/www.foselev.com\/wp-content\/uploads\/2023\/09\/FOSELEV-Roule-au-HVO.jpg\",\"datePublished\":\"2023-09-20T08:47:03+00:00\",\"dateModified\":\"2023-09-20T08:47:07+00:00\",\"description\":\"FOSELEV d\u00e9ploie son plan d'actions bas carbone et acc\u00e9l\u00e8re sa transition \u00e9nerg\u00e9tique\",\"breadcrumb\":{\"@id\":\"https:\/\/www.foselev.com\/en\/foselev-sengage-dans-la-decarbonation\/#breadcrumb\"},\"inLanguage\":\"en-US\",\"potentialAction\":[{\"@type\":\"ReadAction\",\"target\":[\"https:\/\/www.foselev.com\/en\/foselev-sengage-dans-la-decarbonation\/\"]}]},{\"@type\":\"ImageObject\",\"inLanguage\":\"en-US\",\"@id\":\"https:\/\/www.foselev.com\/en\/foselev-sengage-dans-la-decarbonation\/#primaryimage\",\"url\":\"https:\/\/www.foselev.com\/wp-content\/uploads\/2023\/09\/FOSELEV-Roule-au-HVO.jpg\",\"contentUrl\":\"https:\/\/www.foselev.com\/wp-content\/uploads\/2023\/09\/FOSELEV-Roule-au-HVO.jpg\",\"width\":1920,\"height\":768},{\"@type\":\"BreadcrumbList\",\"@id\":\"https:\/\/www.foselev.com\/en\/foselev-sengage-dans-la-decarbonation\/#breadcrumb\",\"itemListElement\":[{\"@type\":\"ListItem\",\"position\":1,\"name\":\"Home\",\"item\":\"https:\/\/www.foselev.com\/en\/\"},{\"@type\":\"ListItem\",\"position\":2,\"name\":\"FOSELEV S&rsquo;ENGAGE DANS LA D\u00c9CARBONATION\"}]},{\"@type\":\"WebSite\",\"@id\":\"https:\/\/www.foselev.com\/en\/#website\",\"url\":\"https:\/\/www.foselev.com\/en\/\",\"name\":\"FOSELEV\",\"description\":\"Offre globale de services \u00e0 l&#039;industrie, au BTP et au nucl\u00e9aire.\",\"publisher\":{\"@id\":\"https:\/\/www.foselev.com\/en\/#organization\"},\"potentialAction\":[{\"@type\":\"SearchAction\",\"target\":{\"@type\":\"EntryPoint\",\"urlTemplate\":\"https:\/\/www.foselev.com\/en\/?s={search_term_string}\"},\"query-input\":{\"@type\":\"PropertyValueSpecification\",\"valueRequired\":true,\"valueName\":\"search_term_string\"}}],\"inLanguage\":\"en-US\"},{\"@type\":\"Organization\",\"@id\":\"https:\/\/www.foselev.com\/en\/#organization\",\"name\":\"FOSELEV\",\"url\":\"https:\/\/www.foselev.com\/en\/\",\"logo\":{\"@type\":\"ImageObject\",\"inLanguage\":\"en-US\",\"@id\":\"https:\/\/www.foselev.com\/en\/#\/schema\/logo\/image\/\",\"url\":\"https:\/\/www.foselev.com\/wp-content\/uploads\/2020\/03\/FOSELEV_Logo_Pyramide_Grise-Orange.svg\",\"contentUrl\":\"https:\/\/www.foselev.com\/wp-content\/uploads\/2020\/03\/FOSELEV_Logo_Pyramide_Grise-Orange.svg\",\"width\":\"1024\",\"height\":\"1024\",\"caption\":\"FOSELEV\"},\"image\":{\"@id\":\"https:\/\/www.foselev.com\/en\/#\/schema\/logo\/image\/\"}},{\"@type\":\"Person\",\"@id\":\"https:\/\/www.foselev.com\/en\/#\/schema\/person\/e8d8f44dec92edd50246bae4d71b9c35\",\"name\":\"Joffrey JACOBS\",\"image\":{\"@type\":\"ImageObject\",\"inLanguage\":\"en-US\",\"@id\":\"https:\/\/www.foselev.com\/en\/#\/schema\/person\/image\/\",\"url\":\"https:\/\/secure.gravatar.com\/avatar\/229a7bdd5dad1292dc109a43bdc428c28facb3d53af4d03037f5ad66284c33bc?s=96&d=mm&r=g\",\"contentUrl\":\"https:\/\/secure.gravatar.com\/avatar\/229a7bdd5dad1292dc109a43bdc428c28facb3d53af4d03037f5ad66284c33bc?s=96&d=mm&r=g\",\"caption\":\"Joffrey JACOBS\"}}]}<\/script>\n<!-- \/ Yoast SEO plugin. -->","yoast_head_json":{"title":"FOSELEV s'engage dans la d\u00e9carbonation et roule au HVO","description":"FOSELEV d\u00e9ploie son plan d'actions bas carbone et acc\u00e9l\u00e8re sa transition \u00e9nerg\u00e9tique","robots":{"index":"index","follow":"follow","max-snippet":"max-snippet:-1","max-image-preview":"max-image-preview:large","max-video-preview":"max-video-preview:-1"},"canonical":"https:\/\/www.foselev.com\/en\/foselev-sengage-dans-la-decarbonation\/","og_locale":"en_US","og_type":"article","og_title":"FOSELEV s'engage dans la d\u00e9carbonation et roule au HVO","og_description":"FOSELEV d\u00e9ploie son plan d'actions bas carbone et acc\u00e9l\u00e8re sa transition \u00e9nerg\u00e9tique","og_url":"https:\/\/www.foselev.com\/en\/foselev-sengage-dans-la-decarbonation\/","og_site_name":"FOSELEV","article_published_time":"2023-09-20T08:47:03+00:00","article_modified_time":"2023-09-20T08:47:07+00:00","og_image":[{"width":1920,"height":768,"url":"https:\/\/www.foselev.com\/wp-content\/uploads\/2023\/09\/FOSELEV-Roule-au-HVO.jpg","type":"image\/jpeg"}],"author":"Joffrey JACOBS","twitter_card":"summary_large_image","twitter_misc":{"Written by":"Joffrey JACOBS","Est. reading time":"1 minute"},"schema":{"@context":"https:\/\/schema.org","@graph":[{"@type":"Article","@id":"https:\/\/www.foselev.com\/en\/foselev-sengage-dans-la-decarbonation\/#article","isPartOf":{"@id":"https:\/\/www.foselev.com\/en\/foselev-sengage-dans-la-decarbonation\/"},"author":{"name":"Joffrey JACOBS","@id":"https:\/\/www.foselev.com\/en\/#\/schema\/person\/e8d8f44dec92edd50246bae4d71b9c35"},"headline":"FOSELEV S&#8217;ENGAGE DANS LA D\u00c9CARBONATION","datePublished":"2023-09-20T08:47:03+00:00","dateModified":"2023-09-20T08:47:07+00:00","mainEntityOfPage":{"@id":"https:\/\/www.foselev.com\/en\/foselev-sengage-dans-la-decarbonation\/"},"wordCount":233,"publisher":{"@id":"https:\/\/www.foselev.com\/en\/#organization"},"image":{"@id":"https:\/\/www.foselev.com\/en\/foselev-sengage-dans-la-decarbonation\/#primaryimage"},"thumbnailUrl":"https:\/\/www.foselev.com\/wp-content\/uploads\/2023\/09\/FOSELEV-Roule-au-HVO.jpg","articleSection":["Foselev"],"inLanguage":"en-US"},{"@type":"WebPage","@id":"https:\/\/www.foselev.com\/en\/foselev-sengage-dans-la-decarbonation\/","url":"https:\/\/www.foselev.com\/en\/foselev-sengage-dans-la-decarbonation\/","name":"FOSELEV s'engage dans la d\u00e9carbonation et roule au HVO","isPartOf":{"@id":"https:\/\/www.foselev.com\/en\/#website"},"primaryImageOfPage":{"@id":"https:\/\/www.foselev.com\/en\/foselev-sengage-dans-la-decarbonation\/#primaryimage"},"image":{"@id":"https:\/\/www.foselev.com\/en\/foselev-sengage-dans-la-decarbonation\/#primaryimage"},"thumbnailUrl":"https:\/\/www.foselev.com\/wp-content\/uploads\/2023\/09\/FOSELEV-Roule-au-HVO.jpg","datePublished":"2023-09-20T08:47:03+00:00","dateModified":"2023-09-20T08:47:07+00:00","description":"FOSELEV d\u00e9ploie son plan d'actions bas carbone et acc\u00e9l\u00e8re sa transition \u00e9nerg\u00e9tique","breadcrumb":{"@id":"https:\/\/www.foselev.com\/en\/foselev-sengage-dans-la-decarbonation\/#breadcrumb"},"inLanguage":"en-US","potentialAction":[{"@type":"ReadAction","target":["https:\/\/www.foselev.com\/en\/foselev-sengage-dans-la-decarbonation\/"]}]},{"@type":"ImageObject","inLanguage":"en-US","@id":"https:\/\/www.foselev.com\/en\/foselev-sengage-dans-la-decarbonation\/#primaryimage","url":"https:\/\/www.foselev.com\/wp-content\/uploads\/2023\/09\/FOSELEV-Roule-au-HVO.jpg","contentUrl":"https:\/\/www.foselev.com\/wp-content\/uploads\/2023\/09\/FOSELEV-Roule-au-HVO.jpg","width":1920,"height":768},{"@type":"BreadcrumbList","@id":"https:\/\/www.foselev.com\/en\/foselev-sengage-dans-la-decarbonation\/#breadcrumb","itemListElement":[{"@type":"ListItem","position":1,"name":"Home","item":"https:\/\/www.foselev.com\/en\/"},{"@type":"ListItem","position":2,"name":"FOSELEV S&rsquo;ENGAGE DANS LA D\u00c9CARBONATION"}]},{"@type":"WebSite","@id":"https:\/\/www.foselev.com\/en\/#website","url":"https:\/\/www.foselev.com\/en\/","name":"FOSELEV","description":"Offre globale de services \u00e0 l&#039;industrie, au BTP et au nucl\u00e9aire.","publisher":{"@id":"https:\/\/www.foselev.com\/en\/#organization"},"potentialAction":[{"@type":"SearchAction","target":{"@type":"EntryPoint","urlTemplate":"https:\/\/www.foselev.com\/en\/?s={search_term_string}"},"query-input":{"@type":"PropertyValueSpecification","valueRequired":true,"valueName":"search_term_string"}}],"inLanguage":"en-US"},{"@type":"Organization","@id":"https:\/\/www.foselev.com\/en\/#organization","name":"FOSELEV","url":"https:\/\/www.foselev.com\/en\/","logo":{"@type":"ImageObject","inLanguage":"en-US","@id":"https:\/\/www.foselev.com\/en\/#\/schema\/logo\/image\/","url":"https:\/\/www.foselev.com\/wp-content\/uploads\/2020\/03\/FOSELEV_Logo_Pyramide_Grise-Orange.svg","contentUrl":"https:\/\/www.foselev.com\/wp-content\/uploads\/2020\/03\/FOSELEV_Logo_Pyramide_Grise-Orange.svg","width":"1024","height":"1024","caption":"FOSELEV"},"image":{"@id":"https:\/\/www.foselev.com\/en\/#\/schema\/logo\/image\/"}},{"@type":"Person","@id":"https:\/\/www.foselev.com\/en\/#\/schema\/person\/e8d8f44dec92edd50246bae4d71b9c35","name":"Joffrey JACOBS","image":{"@type":"ImageObject","inLanguage":"en-US","@id":"https:\/\/www.foselev.com\/en\/#\/schema\/person\/image\/","url":"https:\/\/secure.gravatar.com\/avatar\/229a7bdd5dad1292dc109a43bdc428c28facb3d53af4d03037f5ad66284c33bc?s=96&d=mm&r=g","contentUrl":"https:\/\/secure.gravatar.com\/avatar\/229a7bdd5dad1292dc109a43bdc428c28facb3d53af4d03037f5ad66284c33bc?s=96&d=mm&r=g","caption":"Joffrey JACOBS"}}]}},"_links":{"self":[{"href":"https:\/\/www.foselev.com\/en\/wp-json\/wp\/v2\/posts\/37895","targetHints":{"allow":["GET"]}}],"collection":[{"href":"https:\/\/www.foselev.com\/en\/wp-json\/wp\/v2\/posts"}],"about":[{"href":"https:\/\/www.foselev.com\/en\/wp-json\/wp\/v2\/types\/post"}],"author":[{"embeddable":true,"href":"https:\/\/www.foselev.com\/en\/wp-json\/wp\/v2\/users\/3"}],"replies":[{"embeddable":true,"href":"https:\/\/www.foselev.com\/en\/wp-json\/wp\/v2\/comments?post=37895"}],"version-history":[{"count":0,"href":"https:\/\/www.foselev.com\/en\/wp-json\/wp\/v2\/posts\/37895\/revisions"}],"wp:featuredmedia":[{"embeddable":true,"href":"https:\/\/www.foselev.com\/en\/wp-json\/wp\/v2\/media\/37896"}],"wp:attachment":[{"href":"https:\/\/www.foselev.com\/en\/wp-json\/wp\/v2\/media?parent=37895"}],"wp:term":[{"taxonomy":"category","embeddable":true,"href":"https:\/\/www.foselev.com\/en\/wp-json\/wp\/v2\/categories?post=37895"},{"taxonomy":"post_tag","embeddable":true,"href":"https:\/\/www.foselev.com\/en\/wp-json\/wp\/v2\/tags?post=37895"},{"taxonomy":"categories_articles","embeddable":true,"href":"https:\/\/www.foselev.com\/en\/wp-json\/wp\/v2\/categories_articles?post=37895"}],"curies":[{"name":"wp","href":"https:\/\/api.w.org\/{rel}","templated":true}]}}