{"id":40776,"date":"2024-01-05T10:00:59","date_gmt":"2024-01-05T09:00:59","guid":{"rendered":"https:\/\/www.foselev.com\/?p=40776"},"modified":"2024-06-05T15:44:14","modified_gmt":"2024-06-05T13:44:14","slug":"stl-rejoint-le-groupe-foselev","status":"publish","type":"post","link":"https:\/\/www.foselev.com\/en\/stl-rejoint-le-groupe-foselev\/","title":{"rendered":"STL REJOINT LE GROUPE FOSELEV"},"content":{"rendered":"\t\t<div data-elementor-type=\"wp-post\" data-elementor-id=\"40776\" class=\"elementor elementor-40776 elementor-40775\" data-elementor-post-type=\"post\">\n\t\t\t\t\t\t<section class=\"elementor-section elementor-top-section elementor-element elementor-element-142dff9e elementor-section-boxed elementor-section-height-default elementor-section-height-default\" data-id=\"142dff9e\" data-element_type=\"section\" data-e-type=\"section\">\n\t\t\t\t\t\t<div class=\"elementor-container elementor-column-gap-default\">\n\t\t\t\t\t<div class=\"elementor-column elementor-col-100 elementor-top-column elementor-element elementor-element-3fb19765\" data-id=\"3fb19765\" data-element_type=\"column\" data-e-type=\"column\">\n\t\t\t<div class=\"elementor-widget-wrap elementor-element-populated\">\n\t\t\t\t\t\t<div class=\"elementor-element elementor-element-5df1256 elementor-widget elementor-widget-text-editor\" data-id=\"5df1256\" data-element_type=\"widget\" data-e-type=\"widget\" data-widget_type=\"text-editor.default\">\n\t\t\t\t<div class=\"elementor-widget-container\">\n\t\t\t\t\t\t\t\t\t<p><strong>En ce d\u00e9but d\u2019ann\u00e9e 2024, la soci\u00e9t\u00e9 STL, sp\u00e9cialis\u00e9e en Levage-Manutention-Transport, int\u00e8gre le Groupe FOSELEV.<\/strong><\/p><p>Bas\u00e9e \u00e0 Ruitz en p\u00e9riph\u00e9rie de Lens, STL d\u00e9cline une offre compl\u00e8te autour des m\u00e9tiers du levage, du montage et du transfert industriel.<\/p><p>Forte d\u2019une expertise et d\u2019un savoir-faire reconnus aupr\u00e8s des acteurs majeurs du BTP et de l\u2019Industrie dans le Pas-de-Calais et le Nord, <strong>STL vient \u00e9tendre le maillage du r\u00e9seau FOSELEV<\/strong>, offrant toujours plus de r\u00e9activit\u00e9 et de proximit\u00e9 \u00e0 nos clients.<\/p><p>Avec plus d\u2019une vingtaine de collaborateurs, STL et ses \u00e9quipes b\u00e9n\u00e9ficient d\u2019<strong>un parc complet d\u2019engins<\/strong> compos\u00e9 de grues mobiles de 25 \u00e0 180T, de grues de manutention de 11 et 12T, de deux grues \u00e0 tour mobiles, ainsi que de tracteurs, remorques et porte-char.<\/p><p>Apr\u00e8s la r\u00e9cente acquisition de la soci\u00e9t\u00e9 dunkerquoise SISE, sp\u00e9cialis\u00e9e en chaudronnerie et tuyauterie, <strong>STL rejoint \u00e0 son tour le Groupe FOSELEV, lui permettant de renforcer son ancrage et de compl\u00e9ter son offre de services dans les Hauts-de-France.<\/strong><\/p>\t\t\t\t\t\t\t\t<\/div>\n\t\t\t\t<\/div>\n\t\t\t\t\t<\/div>\n\t\t<\/div>\n\t\t\t\t\t<\/div>\n\t\t<\/section>\n\t\t\t\t<\/div>\n\t\t","protected":false},"excerpt":{"rendered":"<p>En ce d\u00e9but d\u2019ann\u00e9e 2024, la soci\u00e9t\u00e9 STL, sp\u00e9cialis\u00e9e en Levage-Manutention-Transport, int\u00e8gre le Groupe FOSELEV. Bas\u00e9e \u00e0 Ruitz en p\u00e9riph\u00e9rie de Lens, STL d\u00e9cline une offre compl\u00e8te autour des m\u00e9tiers du levage, du montage et du transfert industriel. Forte d\u2019une expertise et d\u2019un savoir-faire reconnus aupr\u00e8s des acteurs majeurs du BTP et de l\u2019Industrie dans [&hellip;]<\/p>\n","protected":false},"author":3,"featured_media":40778,"comment_status":"closed","ping_status":"closed","sticky":false,"template":"","format":"standard","meta":{"_acf_changed":false,"inline_featured_image":false,"site-sidebar-layout":"default","site-content-layout":"default","ast-site-content-layout":"default","site-content-style":"default","site-sidebar-style":"default","ast-global-header-display":"","ast-banner-title-visibility":"","ast-main-header-display":"","ast-hfb-above-header-display":"","ast-hfb-below-header-display":"","ast-hfb-mobile-header-display":"","site-post-title":"","ast-breadcrumbs-content":"","ast-featured-img":"","footer-sml-layout":"","ast-disable-related-posts":"","theme-transparent-header-meta":"default","adv-header-id-meta":"","stick-header-meta":"","header-above-stick-meta":"","header-main-stick-meta":"","header-below-stick-meta":"","astra-migrate-meta-layouts":"default","ast-page-background-enabled":"default","ast-page-background-meta":{"desktop":{"background-color":"","background-image":"","background-repeat":"repeat","background-position":"center center","background-size":"auto","background-attachment":"scroll","background-type":"","background-media":"","overlay-type":"","overlay-color":"","overlay-opacity":"","overlay-gradient":""},"tablet":{"background-color":"","background-image":"","background-repeat":"repeat","background-position":"center center","background-size":"auto","background-attachment":"scroll","background-type":"","background-media":"","overlay-type":"","overlay-color":"","overlay-opacity":"","overlay-gradient":""},"mobile":{"background-color":"","background-image":"","background-repeat":"repeat","background-position":"center center","background-size":"auto","background-attachment":"scroll","background-type":"","background-media":"","overlay-type":"","overlay-color":"","overlay-opacity":"","overlay-gradient":""}},"ast-content-background-meta":{"desktop":{"background-color":"var(--ast-global-color-5)","background-image":"","background-repeat":"repeat","background-position":"center center","background-size":"auto","background-attachment":"scroll","background-type":"","background-media":"","overlay-type":"","overlay-color":"","overlay-opacity":"","overlay-gradient":""},"tablet":{"background-color":"var(--ast-global-color-5)","background-image":"","background-repeat":"repeat","background-position":"center center","background-size":"auto","background-attachment":"scroll","background-type":"","background-media":"","overlay-type":"","overlay-color":"","overlay-opacity":"","overlay-gradient":""},"mobile":{"background-color":"var(--ast-global-color-5)","background-image":"","background-repeat":"repeat","background-position":"center center","background-size":"auto","background-attachment":"scroll","background-type":"","background-media":"","overlay-type":"","overlay-color":"","overlay-opacity":"","overlay-gradient":""}},"footnotes":""},"categories":[29],"tags":[],"categories_articles":[],"class_list":["post-40776","post","type-post","status-publish","format-standard","has-post-thumbnail","hentry","category-foselev-en"],"acf":[],"yoast_head":"<!-- This site is optimized with the Yoast SEO plugin v26.8 - https:\/\/yoast.com\/product\/yoast-seo-wordpress\/ -->\n<title>STL rejoint le Groupe FOSELEV<\/title>\n<meta name=\"description\" content=\"STL, sp\u00e9cialis\u00e9e en Levage-Manutention-Transport, vient renforcer l&#039;ancrage et compl\u00e9ter l&#039;offre du Groupe FOSELEV dans les Hauts-de-France.\" \/>\n<meta name=\"robots\" content=\"index, follow, max-snippet:-1, max-image-preview:large, max-video-preview:-1\" \/>\n<link rel=\"canonical\" href=\"https:\/\/www.foselev.com\/en\/stl-rejoint-le-groupe-foselev\/\" \/>\n<meta property=\"og:locale\" content=\"en_US\" \/>\n<meta property=\"og:type\" content=\"article\" \/>\n<meta property=\"og:title\" content=\"STL rejoint le Groupe FOSELEV\" \/>\n<meta property=\"og:description\" content=\"STL, sp\u00e9cialis\u00e9e en Levage-Manutention-Transport, vient renforcer l&#039;ancrage et compl\u00e9ter l&#039;offre du Groupe FOSELEV dans les Hauts-de-France.\" \/>\n<meta property=\"og:url\" content=\"https:\/\/www.foselev.com\/en\/stl-rejoint-le-groupe-foselev\/\" \/>\n<meta property=\"og:site_name\" content=\"FOSELEV\" \/>\n<meta property=\"article:published_time\" content=\"2024-01-05T09:00:59+00:00\" \/>\n<meta property=\"article:modified_time\" content=\"2024-06-05T13:44:14+00:00\" \/>\n<meta property=\"og:image\" content=\"https:\/\/www.foselev.com\/wp-content\/uploads\/2024\/01\/STL-rejoint-le-Groupe-FOSELEV.png\" \/>\n\t<meta property=\"og:image:width\" content=\"1920\" \/>\n\t<meta property=\"og:image:height\" content=\"768\" \/>\n\t<meta property=\"og:image:type\" content=\"image\/png\" \/>\n<meta name=\"author\" content=\"Joffrey JACOBS\" \/>\n<meta name=\"twitter:card\" content=\"summary_large_image\" \/>\n<meta name=\"twitter:label1\" content=\"Written by\" \/>\n\t<meta name=\"twitter:data1\" content=\"Joffrey JACOBS\" \/>\n\t<meta name=\"twitter:label2\" content=\"Est. reading time\" \/>\n\t<meta name=\"twitter:data2\" content=\"1 minute\" \/>\n<script type=\"application\/ld+json\" class=\"yoast-schema-graph\">{\"@context\":\"https:\/\/schema.org\",\"@graph\":[{\"@type\":\"Article\",\"@id\":\"https:\/\/www.foselev.com\/en\/stl-rejoint-le-groupe-foselev\/#article\",\"isPartOf\":{\"@id\":\"https:\/\/www.foselev.com\/en\/stl-rejoint-le-groupe-foselev\/\"},\"author\":{\"name\":\"Joffrey JACOBS\",\"@id\":\"https:\/\/www.foselev.com\/en\/#\/schema\/person\/e8d8f44dec92edd50246bae4d71b9c35\"},\"headline\":\"STL REJOINT LE GROUPE FOSELEV\",\"datePublished\":\"2024-01-05T09:00:59+00:00\",\"dateModified\":\"2024-06-05T13:44:14+00:00\",\"mainEntityOfPage\":{\"@id\":\"https:\/\/www.foselev.com\/en\/stl-rejoint-le-groupe-foselev\/\"},\"wordCount\":188,\"publisher\":{\"@id\":\"https:\/\/www.foselev.com\/en\/#organization\"},\"image\":{\"@id\":\"https:\/\/www.foselev.com\/en\/stl-rejoint-le-groupe-foselev\/#primaryimage\"},\"thumbnailUrl\":\"https:\/\/www.foselev.com\/wp-content\/uploads\/2024\/01\/STL-rejoint-le-Groupe-FOSELEV.png\",\"articleSection\":[\"Foselev\"],\"inLanguage\":\"en-US\"},{\"@type\":\"WebPage\",\"@id\":\"https:\/\/www.foselev.com\/en\/stl-rejoint-le-groupe-foselev\/\",\"url\":\"https:\/\/www.foselev.com\/en\/stl-rejoint-le-groupe-foselev\/\",\"name\":\"STL rejoint le Groupe FOSELEV\",\"isPartOf\":{\"@id\":\"https:\/\/www.foselev.com\/en\/#website\"},\"primaryImageOfPage\":{\"@id\":\"https:\/\/www.foselev.com\/en\/stl-rejoint-le-groupe-foselev\/#primaryimage\"},\"image\":{\"@id\":\"https:\/\/www.foselev.com\/en\/stl-rejoint-le-groupe-foselev\/#primaryimage\"},\"thumbnailUrl\":\"https:\/\/www.foselev.com\/wp-content\/uploads\/2024\/01\/STL-rejoint-le-Groupe-FOSELEV.png\",\"datePublished\":\"2024-01-05T09:00:59+00:00\",\"dateModified\":\"2024-06-05T13:44:14+00:00\",\"description\":\"STL, sp\u00e9cialis\u00e9e en Levage-Manutention-Transport, vient renforcer l'ancrage et compl\u00e9ter l'offre du Groupe FOSELEV dans les Hauts-de-France.\",\"breadcrumb\":{\"@id\":\"https:\/\/www.foselev.com\/en\/stl-rejoint-le-groupe-foselev\/#breadcrumb\"},\"inLanguage\":\"en-US\",\"potentialAction\":[{\"@type\":\"ReadAction\",\"target\":[\"https:\/\/www.foselev.com\/en\/stl-rejoint-le-groupe-foselev\/\"]}]},{\"@type\":\"ImageObject\",\"inLanguage\":\"en-US\",\"@id\":\"https:\/\/www.foselev.com\/en\/stl-rejoint-le-groupe-foselev\/#primaryimage\",\"url\":\"https:\/\/www.foselev.com\/wp-content\/uploads\/2024\/01\/STL-rejoint-le-Groupe-FOSELEV.png\",\"contentUrl\":\"https:\/\/www.foselev.com\/wp-content\/uploads\/2024\/01\/STL-rejoint-le-Groupe-FOSELEV.png\",\"width\":1920,\"height\":768},{\"@type\":\"BreadcrumbList\",\"@id\":\"https:\/\/www.foselev.com\/en\/stl-rejoint-le-groupe-foselev\/#breadcrumb\",\"itemListElement\":[{\"@type\":\"ListItem\",\"position\":1,\"name\":\"Home\",\"item\":\"https:\/\/www.foselev.com\/en\/\"},{\"@type\":\"ListItem\",\"position\":2,\"name\":\"STL REJOINT LE GROUPE FOSELEV\"}]},{\"@type\":\"WebSite\",\"@id\":\"https:\/\/www.foselev.com\/en\/#website\",\"url\":\"https:\/\/www.foselev.com\/en\/\",\"name\":\"FOSELEV\",\"description\":\"Offre globale de services \u00e0 l&#039;industrie, au BTP et au nucl\u00e9aire.\",\"publisher\":{\"@id\":\"https:\/\/www.foselev.com\/en\/#organization\"},\"potentialAction\":[{\"@type\":\"SearchAction\",\"target\":{\"@type\":\"EntryPoint\",\"urlTemplate\":\"https:\/\/www.foselev.com\/en\/?s={search_term_string}\"},\"query-input\":{\"@type\":\"PropertyValueSpecification\",\"valueRequired\":true,\"valueName\":\"search_term_string\"}}],\"inLanguage\":\"en-US\"},{\"@type\":\"Organization\",\"@id\":\"https:\/\/www.foselev.com\/en\/#organization\",\"name\":\"FOSELEV\",\"url\":\"https:\/\/www.foselev.com\/en\/\",\"logo\":{\"@type\":\"ImageObject\",\"inLanguage\":\"en-US\",\"@id\":\"https:\/\/www.foselev.com\/en\/#\/schema\/logo\/image\/\",\"url\":\"https:\/\/www.foselev.com\/wp-content\/uploads\/2020\/03\/FOSELEV_Logo_Pyramide_Grise-Orange.svg\",\"contentUrl\":\"https:\/\/www.foselev.com\/wp-content\/uploads\/2020\/03\/FOSELEV_Logo_Pyramide_Grise-Orange.svg\",\"width\":\"1024\",\"height\":\"1024\",\"caption\":\"FOSELEV\"},\"image\":{\"@id\":\"https:\/\/www.foselev.com\/en\/#\/schema\/logo\/image\/\"}},{\"@type\":\"Person\",\"@id\":\"https:\/\/www.foselev.com\/en\/#\/schema\/person\/e8d8f44dec92edd50246bae4d71b9c35\",\"name\":\"Joffrey JACOBS\",\"image\":{\"@type\":\"ImageObject\",\"inLanguage\":\"en-US\",\"@id\":\"https:\/\/www.foselev.com\/en\/#\/schema\/person\/image\/\",\"url\":\"https:\/\/secure.gravatar.com\/avatar\/229a7bdd5dad1292dc109a43bdc428c28facb3d53af4d03037f5ad66284c33bc?s=96&d=mm&r=g\",\"contentUrl\":\"https:\/\/secure.gravatar.com\/avatar\/229a7bdd5dad1292dc109a43bdc428c28facb3d53af4d03037f5ad66284c33bc?s=96&d=mm&r=g\",\"caption\":\"Joffrey JACOBS\"}}]}<\/script>\n<!-- \/ Yoast SEO plugin. -->","yoast_head_json":{"title":"STL rejoint le Groupe FOSELEV","description":"STL, sp\u00e9cialis\u00e9e en Levage-Manutention-Transport, vient renforcer l'ancrage et compl\u00e9ter l'offre du Groupe FOSELEV dans les Hauts-de-France.","robots":{"index":"index","follow":"follow","max-snippet":"max-snippet:-1","max-image-preview":"max-image-preview:large","max-video-preview":"max-video-preview:-1"},"canonical":"https:\/\/www.foselev.com\/en\/stl-rejoint-le-groupe-foselev\/","og_locale":"en_US","og_type":"article","og_title":"STL rejoint le Groupe FOSELEV","og_description":"STL, sp\u00e9cialis\u00e9e en Levage-Manutention-Transport, vient renforcer l'ancrage et compl\u00e9ter l'offre du Groupe FOSELEV dans les Hauts-de-France.","og_url":"https:\/\/www.foselev.com\/en\/stl-rejoint-le-groupe-foselev\/","og_site_name":"FOSELEV","article_published_time":"2024-01-05T09:00:59+00:00","article_modified_time":"2024-06-05T13:44:14+00:00","og_image":[{"width":1920,"height":768,"url":"https:\/\/www.foselev.com\/wp-content\/uploads\/2024\/01\/STL-rejoint-le-Groupe-FOSELEV.png","type":"image\/png"}],"author":"Joffrey JACOBS","twitter_card":"summary_large_image","twitter_misc":{"Written by":"Joffrey JACOBS","Est. reading time":"1 minute"},"schema":{"@context":"https:\/\/schema.org","@graph":[{"@type":"Article","@id":"https:\/\/www.foselev.com\/en\/stl-rejoint-le-groupe-foselev\/#article","isPartOf":{"@id":"https:\/\/www.foselev.com\/en\/stl-rejoint-le-groupe-foselev\/"},"author":{"name":"Joffrey JACOBS","@id":"https:\/\/www.foselev.com\/en\/#\/schema\/person\/e8d8f44dec92edd50246bae4d71b9c35"},"headline":"STL REJOINT LE GROUPE FOSELEV","datePublished":"2024-01-05T09:00:59+00:00","dateModified":"2024-06-05T13:44:14+00:00","mainEntityOfPage":{"@id":"https:\/\/www.foselev.com\/en\/stl-rejoint-le-groupe-foselev\/"},"wordCount":188,"publisher":{"@id":"https:\/\/www.foselev.com\/en\/#organization"},"image":{"@id":"https:\/\/www.foselev.com\/en\/stl-rejoint-le-groupe-foselev\/#primaryimage"},"thumbnailUrl":"https:\/\/www.foselev.com\/wp-content\/uploads\/2024\/01\/STL-rejoint-le-Groupe-FOSELEV.png","articleSection":["Foselev"],"inLanguage":"en-US"},{"@type":"WebPage","@id":"https:\/\/www.foselev.com\/en\/stl-rejoint-le-groupe-foselev\/","url":"https:\/\/www.foselev.com\/en\/stl-rejoint-le-groupe-foselev\/","name":"STL rejoint le Groupe FOSELEV","isPartOf":{"@id":"https:\/\/www.foselev.com\/en\/#website"},"primaryImageOfPage":{"@id":"https:\/\/www.foselev.com\/en\/stl-rejoint-le-groupe-foselev\/#primaryimage"},"image":{"@id":"https:\/\/www.foselev.com\/en\/stl-rejoint-le-groupe-foselev\/#primaryimage"},"thumbnailUrl":"https:\/\/www.foselev.com\/wp-content\/uploads\/2024\/01\/STL-rejoint-le-Groupe-FOSELEV.png","datePublished":"2024-01-05T09:00:59+00:00","dateModified":"2024-06-05T13:44:14+00:00","description":"STL, sp\u00e9cialis\u00e9e en Levage-Manutention-Transport, vient renforcer l'ancrage et compl\u00e9ter l'offre du Groupe FOSELEV dans les Hauts-de-France.","breadcrumb":{"@id":"https:\/\/www.foselev.com\/en\/stl-rejoint-le-groupe-foselev\/#breadcrumb"},"inLanguage":"en-US","potentialAction":[{"@type":"ReadAction","target":["https:\/\/www.foselev.com\/en\/stl-rejoint-le-groupe-foselev\/"]}]},{"@type":"ImageObject","inLanguage":"en-US","@id":"https:\/\/www.foselev.com\/en\/stl-rejoint-le-groupe-foselev\/#primaryimage","url":"https:\/\/www.foselev.com\/wp-content\/uploads\/2024\/01\/STL-rejoint-le-Groupe-FOSELEV.png","contentUrl":"https:\/\/www.foselev.com\/wp-content\/uploads\/2024\/01\/STL-rejoint-le-Groupe-FOSELEV.png","width":1920,"height":768},{"@type":"BreadcrumbList","@id":"https:\/\/www.foselev.com\/en\/stl-rejoint-le-groupe-foselev\/#breadcrumb","itemListElement":[{"@type":"ListItem","position":1,"name":"Home","item":"https:\/\/www.foselev.com\/en\/"},{"@type":"ListItem","position":2,"name":"STL REJOINT LE GROUPE FOSELEV"}]},{"@type":"WebSite","@id":"https:\/\/www.foselev.com\/en\/#website","url":"https:\/\/www.foselev.com\/en\/","name":"FOSELEV","description":"Offre globale de services \u00e0 l&#039;industrie, au BTP et au nucl\u00e9aire.","publisher":{"@id":"https:\/\/www.foselev.com\/en\/#organization"},"potentialAction":[{"@type":"SearchAction","target":{"@type":"EntryPoint","urlTemplate":"https:\/\/www.foselev.com\/en\/?s={search_term_string}"},"query-input":{"@type":"PropertyValueSpecification","valueRequired":true,"valueName":"search_term_string"}}],"inLanguage":"en-US"},{"@type":"Organization","@id":"https:\/\/www.foselev.com\/en\/#organization","name":"FOSELEV","url":"https:\/\/www.foselev.com\/en\/","logo":{"@type":"ImageObject","inLanguage":"en-US","@id":"https:\/\/www.foselev.com\/en\/#\/schema\/logo\/image\/","url":"https:\/\/www.foselev.com\/wp-content\/uploads\/2020\/03\/FOSELEV_Logo_Pyramide_Grise-Orange.svg","contentUrl":"https:\/\/www.foselev.com\/wp-content\/uploads\/2020\/03\/FOSELEV_Logo_Pyramide_Grise-Orange.svg","width":"1024","height":"1024","caption":"FOSELEV"},"image":{"@id":"https:\/\/www.foselev.com\/en\/#\/schema\/logo\/image\/"}},{"@type":"Person","@id":"https:\/\/www.foselev.com\/en\/#\/schema\/person\/e8d8f44dec92edd50246bae4d71b9c35","name":"Joffrey JACOBS","image":{"@type":"ImageObject","inLanguage":"en-US","@id":"https:\/\/www.foselev.com\/en\/#\/schema\/person\/image\/","url":"https:\/\/secure.gravatar.com\/avatar\/229a7bdd5dad1292dc109a43bdc428c28facb3d53af4d03037f5ad66284c33bc?s=96&d=mm&r=g","contentUrl":"https:\/\/secure.gravatar.com\/avatar\/229a7bdd5dad1292dc109a43bdc428c28facb3d53af4d03037f5ad66284c33bc?s=96&d=mm&r=g","caption":"Joffrey JACOBS"}}]}},"_links":{"self":[{"href":"https:\/\/www.foselev.com\/en\/wp-json\/wp\/v2\/posts\/40776","targetHints":{"allow":["GET"]}}],"collection":[{"href":"https:\/\/www.foselev.com\/en\/wp-json\/wp\/v2\/posts"}],"about":[{"href":"https:\/\/www.foselev.com\/en\/wp-json\/wp\/v2\/types\/post"}],"author":[{"embeddable":true,"href":"https:\/\/www.foselev.com\/en\/wp-json\/wp\/v2\/users\/3"}],"replies":[{"embeddable":true,"href":"https:\/\/www.foselev.com\/en\/wp-json\/wp\/v2\/comments?post=40776"}],"version-history":[{"count":0,"href":"https:\/\/www.foselev.com\/en\/wp-json\/wp\/v2\/posts\/40776\/revisions"}],"wp:featuredmedia":[{"embeddable":true,"href":"https:\/\/www.foselev.com\/en\/wp-json\/wp\/v2\/media\/40778"}],"wp:attachment":[{"href":"https:\/\/www.foselev.com\/en\/wp-json\/wp\/v2\/media?parent=40776"}],"wp:term":[{"taxonomy":"category","embeddable":true,"href":"https:\/\/www.foselev.com\/en\/wp-json\/wp\/v2\/categories?post=40776"},{"taxonomy":"post_tag","embeddable":true,"href":"https:\/\/www.foselev.com\/en\/wp-json\/wp\/v2\/tags?post=40776"},{"taxonomy":"categories_articles","embeddable":true,"href":"https:\/\/www.foselev.com\/en\/wp-json\/wp\/v2\/categories_articles?post=40776"}],"curies":[{"name":"wp","href":"https:\/\/api.w.org\/{rel}","templated":true}]}}